{"id":4339,"date":"2023-11-24T21:41:39","date_gmt":"2023-11-25T03:41:39","guid":{"rendered":"https:\/\/www.radiointeractivo.com.mx\/?p=4339"},"modified":"2023-11-24T21:41:40","modified_gmt":"2023-11-25T03:41:40","slug":"fortalece-sebien-respeto-y-equidad-a-traves-de-taller-de-cultura-de-genero","status":"publish","type":"post","link":"https:\/\/www.radiointeractivo.com.mx\/?p=4339","title":{"rendered":"Fortalece SEBIEN, respeto y equidad a trav\u00e9s de taller de cultura de g\u00e9nero"},"content":{"rendered":"\n<figure class=\"wp-block-image size-large\"><img loading=\"lazy\" decoding=\"async\" width=\"1024\" height=\"682\" src=\"https:\/\/www.radiointeractivo.com.mx\/wp-content\/uploads\/2023\/11\/WhatsApp-Image-2023-11-23-at-7.11.22-PM-1024x682.jpeg\" alt=\"\" class=\"wp-image-4340\" srcset=\"https:\/\/www.radiointeractivo.com.mx\/wp-content\/uploads\/2023\/11\/WhatsApp-Image-2023-11-23-at-7.11.22-PM-1024x682.jpeg 1024w, https:\/\/www.radiointeractivo.com.mx\/wp-content\/uploads\/2023\/11\/WhatsApp-Image-2023-11-23-at-7.11.22-PM-300x200.jpeg 300w, https:\/\/www.radiointeractivo.com.mx\/wp-content\/uploads\/2023\/11\/WhatsApp-Image-2023-11-23-at-7.11.22-PM-768x512.jpeg 768w, https:\/\/www.radiointeractivo.com.mx\/wp-content\/uploads\/2023\/11\/WhatsApp-Image-2023-11-23-at-7.11.22-PM-1536x1023.jpeg 1536w, https:\/\/www.radiointeractivo.com.mx\/wp-content\/uploads\/2023\/11\/WhatsApp-Image-2023-11-23-at-7.11.22-PM-310x205.jpeg 310w, https:\/\/www.radiointeractivo.com.mx\/wp-content\/uploads\/2023\/11\/WhatsApp-Image-2023-11-23-at-7.11.22-PM.jpeg 1600w\" sizes=\"auto, (max-width: 1024px) 100vw, 1024px\" \/><\/figure>\n\n\n\n<ul class=\"wp-block-list\">\n<li>En colaboraci\u00f3n con el Gobierno de Tamaulipas, se forja un futuro laboral m\u00e1s justo y respetuoso para todas y todos<\/li>\n<\/ul>\n\n\n\n<p>Por: Agencias<\/p>\n\n\n\n<p>Ciudad Victoria Tamaulipas.- El Gobierno de Tamaulipas, liderado por Am\u00e9rico Villarreal Anaya, a trav\u00e9s de la Secretar\u00eda de Bienestar Social, reafirma su compromiso con la creaci\u00f3n de un entorno laboral inclusivo y respetuoso al llevar a cabo el taller &#8220;Cultura de Respeto y G\u00e9nero.&#8221;<\/p>\n\n\n\n<p>Esta iniciativa, realizada en conmemoraci\u00f3n del D\u00eda Internacional de la Eliminaci\u00f3n de la Violencia contra la Mujer, fue realizado por la Coordinaci\u00f3n de Formaci\u00f3n y Capacitaci\u00f3n de la SEBIEN, bajo la direcci\u00f3n de Claudia Leticia Gallardo Guzm\u00e1n. El evento se llev\u00f3 a cabo en el auditorio del Instituto Registral y Catastral, ubicado en el Parque Bicentenario.<\/p>\n\n\n\n<p>La maestra Marcia Laura Garza Robles comparti\u00f3 el temario de manera integral, sensibilizando a los participantes sobre la importancia de construir una cultura organizacional basada en el respeto mutuo y la igualdad de g\u00e9nero.<\/p>\n\n\n\n<p>\u201cEste taller refleja nuestro compromiso con la construcci\u00f3n de un ambiente laboral donde la igualdad y el respeto prevalezcan\u201d, expres\u00f3 Norma Paola Mata Esparza titular de la Secretar\u00eda T\u00e9cnica de la Secretar\u00eda de Bienestar Social (SEBIEN) al compartir el mensaje de la secretaria Ver\u00f3nica Aguirre de Los Santos.<\/p>\n\n\n\n<p>\u201cLa capacitaci\u00f3n es fundamental para promover cambios significativos, y estamos comprometidos a seguir fortaleciendo estas iniciativas en SEBIEN\u201d, finaliz\u00f3 Mata Esparza.<\/p>\n\n\n\n<p>El evento cont\u00f3 con la participaci\u00f3n de trabajadores de los pisos 18, 19 y 20, demostrando el compromiso de SEBIEN con la construcci\u00f3n de un entorno laboral m\u00e1s equitativo y respetuoso.<\/p>\n","protected":false},"excerpt":{"rendered":"<p>En colaboraci\u00f3n con el Gobierno de Tamaulipas, se forja un futuro laboral m\u00e1s justo y respetuoso para todas y todos Por: Agencias Ciudad Victoria Tamaulipas.- El Gobierno de Tamaulipas, liderado por Am\u00e9rico Villarreal Anaya, a trav\u00e9s de la Secretar\u00eda de Bienestar Social, reafirma su compromiso con la creaci\u00f3n de un entorno laboral inclusivo y respetuoso &hellip;<\/p>\n","protected":false},"author":1,"featured_media":4340,"comment_status":"open","ping_status":"open","sticky":false,"template":"","format":"standard","meta":{"footnotes":""},"categories":[39],"tags":[],"class_list":["post-4339","post","type-post","status-publish","format-standard","has-post-thumbnail","","category-tamaulipas"],"_links":{"self":[{"href":"https:\/\/www.radiointeractivo.com.mx\/index.php?rest_route=\/wp\/v2\/posts\/4339","targetHints":{"allow":["GET"]}}],"collection":[{"href":"https:\/\/www.radiointeractivo.com.mx\/index.php?rest_route=\/wp\/v2\/posts"}],"about":[{"href":"https:\/\/www.radiointeractivo.com.mx\/index.php?rest_route=\/wp\/v2\/types\/post"}],"author":[{"embeddable":true,"href":"https:\/\/www.radiointeractivo.com.mx\/index.php?rest_route=\/wp\/v2\/users\/1"}],"replies":[{"embeddable":true,"href":"https:\/\/www.radiointeractivo.com.mx\/index.php?rest_route=%2Fwp%2Fv2%2Fcomments&post=4339"}],"version-history":[{"count":1,"href":"https:\/\/www.radiointeractivo.com.mx\/index.php?rest_route=\/wp\/v2\/posts\/4339\/revisions"}],"predecessor-version":[{"id":4341,"href":"https:\/\/www.radiointeractivo.com.mx\/index.php?rest_route=\/wp\/v2\/posts\/4339\/revisions\/4341"}],"wp:featuredmedia":[{"embeddable":true,"href":"https:\/\/www.radiointeractivo.com.mx\/index.php?rest_route=\/wp\/v2\/media\/4340"}],"wp:attachment":[{"href":"https:\/\/www.radiointeractivo.com.mx\/index.php?rest_route=%2Fwp%2Fv2%2Fmedia&parent=4339"}],"wp:term":[{"taxonomy":"category","embeddable":true,"href":"https:\/\/www.radiointeractivo.com.mx\/index.php?rest_route=%2Fwp%2Fv2%2Fcategories&post=4339"},{"taxonomy":"post_tag","embeddable":true,"href":"https:\/\/www.radiointeractivo.com.mx\/index.php?rest_route=%2Fwp%2Fv2%2Ftags&post=4339"}],"curies":[{"name":"wp","href":"https:\/\/api.w.org\/{rel}","templated":true}]}}