{"id":4311,"date":"2023-11-23T16:51:17","date_gmt":"2023-11-23T22:51:17","guid":{"rendered":"https:\/\/www.radiointeractivo.com.mx\/?p=4311"},"modified":"2023-11-23T16:51:18","modified_gmt":"2023-11-23T22:51:18","slug":"instala-sebien-comite-de-control-y-desempeno-para-fortalecimiento-institucional","status":"publish","type":"post","link":"https:\/\/www.radiointeractivo.com.mx\/?p=4311","title":{"rendered":"Instala SEBIEN, Comit\u00e9 de Control y Desempe\u00f1o, para fortalecimiento institucional"},"content":{"rendered":"\n<figure class=\"wp-block-image size-large\"><img loading=\"lazy\" decoding=\"async\" width=\"1024\" height=\"683\" src=\"https:\/\/www.radiointeractivo.com.mx\/wp-content\/uploads\/2023\/11\/WhatsApp-Image-2023-11-23-at-2.58.22-PM-1024x683.jpeg\" alt=\"\" class=\"wp-image-4312\" srcset=\"https:\/\/www.radiointeractivo.com.mx\/wp-content\/uploads\/2023\/11\/WhatsApp-Image-2023-11-23-at-2.58.22-PM-1024x683.jpeg 1024w, https:\/\/www.radiointeractivo.com.mx\/wp-content\/uploads\/2023\/11\/WhatsApp-Image-2023-11-23-at-2.58.22-PM-300x200.jpeg 300w, https:\/\/www.radiointeractivo.com.mx\/wp-content\/uploads\/2023\/11\/WhatsApp-Image-2023-11-23-at-2.58.22-PM-768x512.jpeg 768w, https:\/\/www.radiointeractivo.com.mx\/wp-content\/uploads\/2023\/11\/WhatsApp-Image-2023-11-23-at-2.58.22-PM.jpeg 1398w\" sizes=\"auto, (max-width: 1024px) 100vw, 1024px\" \/><\/figure>\n\n\n\n<p>-La Secretar\u00eda de Bienestar Social avanza en la mejora continua de programas y gesti\u00f3n transparente<\/p>\n\n\n\n<p>Por: Agencias <\/p>\n\n\n\n<p>Ciudad Victoria Tamaulipas.- La Secretar\u00eda de Bienestar Social de Tamaulipas que dirige Ver\u00f3nica Aguirre de Los Santos, llev\u00f3 a cabo la Sesi\u00f3n de Instalaci\u00f3n del Comit\u00e9 de Control y Desempe\u00f1o Institucional (COCODI).<\/p>\n\n\n\n<p>Este comit\u00e9 tiene como objetivo reforzar el cumplimiento de metas, optimizar programas presupuestarios y gestionar riesgos de manera efectiva, consolidando la transparencia en la administraci\u00f3n de recursos y el alcance de objetivos institucionales.<\/p>\n\n\n\n<p>\u201cEl COCODI representa nuestro esfuerzo colectivo hacia una gesti\u00f3n transparente y eficiente, aline\u00e1ndonos con la visi\u00f3n del gobernador Am\u00e9rico Villarreal y enfocando nuestra atenci\u00f3n en el bienestar social&#8221;, afirm\u00f3 Ver\u00f3nica Adriana Aguirre de Los Santos, titular de Bienestar Social.<\/p>\n\n\n\n<p>Adem\u00e1s, la secretaria de SEBIEN expres\u00f3 su agradecimiento por la dedicaci\u00f3n y compromiso de cada integrante y los distinguidos invitados que acompa\u00f1aron la sesi\u00f3n.<\/p>\n\n\n\n<p>El Comit\u00e9, compuesto por siete miembros, fue presidido por Ver\u00f3nica Aguirre de Los Santos, contando con la participaci\u00f3n de destacados profesionales comprometidos con el servicio p\u00fablico.<\/p>\n\n\n\n<p>Entre ellos, se cont\u00f3 con la participaci\u00f3n de Nancy Josefina Torres Morales, jefa del departamento de Recursos Financieros; Larissa Arah\u00ed Garc\u00eda M\u00e9ndez, jefa del Departamento de Inform\u00e1tica; Alejandra F\u00e9lix Ramos, directora administrativa y Adriana Maribel S\u00e1nchez Varela, del \u00d3rgano Interno de Control de la Secretar\u00eda de Bienestar Social.<\/p>\n\n\n\n<p>Tambi\u00e9n asistieron Carolina Mart\u00ednez Molano, directora de Planeaci\u00f3n Estrat\u00e9gica de la Secretar\u00eda de Finanzas en representaci\u00f3n de Luis Gerardo Illoldi Reyes, subsecretario de Egresos de la Secretar\u00eda de Finanzas y representando a Ada Mayth\u00e9 G\u00f3mez M\u00e9ndez, coordinadora general jur\u00eddica de la SEBIEN asisti\u00f3 Dora Alicia Ru\u00edz Reyes, directora de Legalidad y Transparencia.<\/p>\n\n\n\n<p>En un acto de compromiso, los integrantes del Comit\u00e9 tomaron protesta, comprometi\u00e9ndose a respetar y hacer cumplir la Constituci\u00f3n Pol\u00edtica de los Estados Unidos Mexicanos y la del Estado de Tamaulipas, as\u00ed como las leyes, reglamentos y acuerdos correspondientes.<\/p>\n\n\n\n<p>Este paso fortalece la estructura institucional, anticipando avances significativos en la gesti\u00f3n de la Secretar\u00eda de Bienestar Social de Tamaulipas y su contribuci\u00f3n al bienestar de la sociedad tamaulipeca.<\/p>\n","protected":false},"excerpt":{"rendered":"<p>-La Secretar\u00eda de Bienestar Social avanza en la mejora continua de programas y gesti\u00f3n transparente Por: Agencias Ciudad Victoria Tamaulipas.- La Secretar\u00eda de Bienestar Social de Tamaulipas que dirige Ver\u00f3nica Aguirre de Los Santos, llev\u00f3 a cabo la Sesi\u00f3n de Instalaci\u00f3n del Comit\u00e9 de Control y Desempe\u00f1o Institucional (COCODI). Este comit\u00e9 tiene como objetivo reforzar &hellip;<\/p>\n","protected":false},"author":1,"featured_media":4312,"comment_status":"open","ping_status":"open","sticky":false,"template":"","format":"standard","meta":{"footnotes":""},"categories":[39],"tags":[],"class_list":["post-4311","post","type-post","status-publish","format-standard","has-post-thumbnail","","category-tamaulipas"],"_links":{"self":[{"href":"https:\/\/www.radiointeractivo.com.mx\/index.php?rest_route=\/wp\/v2\/posts\/4311","targetHints":{"allow":["GET"]}}],"collection":[{"href":"https:\/\/www.radiointeractivo.com.mx\/index.php?rest_route=\/wp\/v2\/posts"}],"about":[{"href":"https:\/\/www.radiointeractivo.com.mx\/index.php?rest_route=\/wp\/v2\/types\/post"}],"author":[{"embeddable":true,"href":"https:\/\/www.radiointeractivo.com.mx\/index.php?rest_route=\/wp\/v2\/users\/1"}],"replies":[{"embeddable":true,"href":"https:\/\/www.radiointeractivo.com.mx\/index.php?rest_route=%2Fwp%2Fv2%2Fcomments&post=4311"}],"version-history":[{"count":1,"href":"https:\/\/www.radiointeractivo.com.mx\/index.php?rest_route=\/wp\/v2\/posts\/4311\/revisions"}],"predecessor-version":[{"id":4313,"href":"https:\/\/www.radiointeractivo.com.mx\/index.php?rest_route=\/wp\/v2\/posts\/4311\/revisions\/4313"}],"wp:featuredmedia":[{"embeddable":true,"href":"https:\/\/www.radiointeractivo.com.mx\/index.php?rest_route=\/wp\/v2\/media\/4312"}],"wp:attachment":[{"href":"https:\/\/www.radiointeractivo.com.mx\/index.php?rest_route=%2Fwp%2Fv2%2Fmedia&parent=4311"}],"wp:term":[{"taxonomy":"category","embeddable":true,"href":"https:\/\/www.radiointeractivo.com.mx\/index.php?rest_route=%2Fwp%2Fv2%2Fcategories&post=4311"},{"taxonomy":"post_tag","embeddable":true,"href":"https:\/\/www.radiointeractivo.com.mx\/index.php?rest_route=%2Fwp%2Fv2%2Ftags&post=4311"}],"curies":[{"name":"wp","href":"https:\/\/api.w.org\/{rel}","templated":true}]}}