{"id":4271,"date":"2023-11-22T21:37:23","date_gmt":"2023-11-23T03:37:23","guid":{"rendered":"https:\/\/www.radiointeractivo.com.mx\/?p=4271"},"modified":"2023-11-22T21:37:24","modified_gmt":"2023-11-23T03:37:24","slug":"instalan-en-obras-publicas-comite-de-control-y-desempeno-institucional","status":"publish","type":"post","link":"https:\/\/www.radiointeractivo.com.mx\/?p=4271","title":{"rendered":"Instalan en Obras P\u00fablicas Comit\u00e9 de Control y Desempe\u00f1o Institucional"},"content":{"rendered":"\n<figure class=\"wp-block-image size-large\"><img loading=\"lazy\" decoding=\"async\" width=\"1024\" height=\"683\" src=\"https:\/\/www.radiointeractivo.com.mx\/wp-content\/uploads\/2023\/11\/WhatsApp-Image-2023-11-22-at-6.50.48-PM-1024x683.jpeg\" alt=\"\" class=\"wp-image-4272\" srcset=\"https:\/\/www.radiointeractivo.com.mx\/wp-content\/uploads\/2023\/11\/WhatsApp-Image-2023-11-22-at-6.50.48-PM-1024x683.jpeg 1024w, https:\/\/www.radiointeractivo.com.mx\/wp-content\/uploads\/2023\/11\/WhatsApp-Image-2023-11-22-at-6.50.48-PM-300x200.jpeg 300w, https:\/\/www.radiointeractivo.com.mx\/wp-content\/uploads\/2023\/11\/WhatsApp-Image-2023-11-22-at-6.50.48-PM-768x512.jpeg 768w, https:\/\/www.radiointeractivo.com.mx\/wp-content\/uploads\/2023\/11\/WhatsApp-Image-2023-11-22-at-6.50.48-PM.jpeg 1500w\" sizes=\"auto, (max-width: 1024px) 100vw, 1024px\" \/><\/figure>\n\n\n\n<p>Por: Agencias<\/p>\n\n\n\n<p>Ciudad Victoria, Tamaulipas.- Integrantes del Comit\u00e9 de Control y Desempe\u00f1o Institucional (COCODI) de la Secretar\u00eda de Obras P\u00fablicas del Gobierno de Tamaulipas (SOP), llevaron a cabo la sesi\u00f3n de instalaci\u00f3n del mismo, en cumplimiento con lo publicado el pasado 4 de agosto en el Peri\u00f3dico Oficial del Estado en materia de Control Interno del Estado de Tamaulipas.<\/p>\n\n\n\n<p>Tomaron protesta como propietarios del COCODI, Pedro Cepeda Anaya, secretario de Obras P\u00fablicas de Tamaulipas como presidente; Erika Mart\u00ednez Mart\u00ednez, titular del \u00d3rgano Interno de Control de la SOP como vocal ejecutivo; Gerardo Guevara Mu\u00f1iz como director Jur\u00eddico, Transparencia y de Acceso a la Informaci\u00f3n P\u00fablica; Daniel Alejandro Gonz\u00e1lez Bandala, Carolina Iveth Mart\u00ednez Molano, Claudia G\u00f3mez Castillo y Efr\u00e9n Franco Rivera como vocales.<\/p>\n\n\n\n<p>El titular de la dependencia, Pedro Cepeda Anaya dio la bienvenida a los funcionarios p\u00fablicos que asistieron a la toma de protesta, destacando la incorporaci\u00f3n del marco de referencia para fundamentar el funcionamiento de los comit\u00e9s de control interno y desempe\u00f1o institucional.<\/p>\n\n\n\n<p>\u201cLos COCODI estar\u00e1n apoyando en la toma de decisiones para reducir la probabilidad de actos contrarios a la integridad, adem\u00e1s de considerar la incorporaci\u00f3n de las tecnolog\u00edas de informaci\u00f3n en el control interno que ayudar\u00e1n a consolidar los procesos de rendici\u00f3n de cuentas y de transparencia gubernamental\u201d, mencion\u00f3.<\/p>\n\n\n\n<p>En ese sentido, el secretario apunt\u00f3 que el Comit\u00e9 de Control y Desempe\u00f1o Institucional ser\u00e1 fundamental para el seguimiento a temas prioritarios, as\u00ed como la consecuci\u00f3n de metas en la administraci\u00f3n p\u00fablica estatal, contribuyendo con esto a mejorar la gesti\u00f3n p\u00fablica.<\/p>\n\n\n\n<p>El funcionario concluy\u00f3 recordando que estas acciones se alinean al objetivo establecido en el Plan Estatal de Desarrollo 2022-2028, de impulsar la evaluaci\u00f3n y mejora de la gesti\u00f3n en las dependencias y entidades de la administraci\u00f3n p\u00fablica, y con la instalaci\u00f3n del COCODI, la SOP se suma a la estrategia de fortalecer el control interno para disminuir los riesgos inherentes de los procesos institucionales.<\/p>\n","protected":false},"excerpt":{"rendered":"<p>Por: Agencias Ciudad Victoria, Tamaulipas.- Integrantes del Comit\u00e9 de Control y Desempe\u00f1o Institucional (COCODI) de la Secretar\u00eda de Obras P\u00fablicas del Gobierno de Tamaulipas (SOP), llevaron a cabo la sesi\u00f3n de instalaci\u00f3n del mismo, en cumplimiento con lo publicado el pasado 4 de agosto en el Peri\u00f3dico Oficial del Estado en materia de Control Interno &hellip;<\/p>\n","protected":false},"author":1,"featured_media":4272,"comment_status":"open","ping_status":"open","sticky":false,"template":"","format":"standard","meta":{"footnotes":""},"categories":[39],"tags":[],"class_list":["post-4271","post","type-post","status-publish","format-standard","has-post-thumbnail","","category-tamaulipas"],"_links":{"self":[{"href":"https:\/\/www.radiointeractivo.com.mx\/index.php?rest_route=\/wp\/v2\/posts\/4271","targetHints":{"allow":["GET"]}}],"collection":[{"href":"https:\/\/www.radiointeractivo.com.mx\/index.php?rest_route=\/wp\/v2\/posts"}],"about":[{"href":"https:\/\/www.radiointeractivo.com.mx\/index.php?rest_route=\/wp\/v2\/types\/post"}],"author":[{"embeddable":true,"href":"https:\/\/www.radiointeractivo.com.mx\/index.php?rest_route=\/wp\/v2\/users\/1"}],"replies":[{"embeddable":true,"href":"https:\/\/www.radiointeractivo.com.mx\/index.php?rest_route=%2Fwp%2Fv2%2Fcomments&post=4271"}],"version-history":[{"count":1,"href":"https:\/\/www.radiointeractivo.com.mx\/index.php?rest_route=\/wp\/v2\/posts\/4271\/revisions"}],"predecessor-version":[{"id":4273,"href":"https:\/\/www.radiointeractivo.com.mx\/index.php?rest_route=\/wp\/v2\/posts\/4271\/revisions\/4273"}],"wp:featuredmedia":[{"embeddable":true,"href":"https:\/\/www.radiointeractivo.com.mx\/index.php?rest_route=\/wp\/v2\/media\/4272"}],"wp:attachment":[{"href":"https:\/\/www.radiointeractivo.com.mx\/index.php?rest_route=%2Fwp%2Fv2%2Fmedia&parent=4271"}],"wp:term":[{"taxonomy":"category","embeddable":true,"href":"https:\/\/www.radiointeractivo.com.mx\/index.php?rest_route=%2Fwp%2Fv2%2Fcategories&post=4271"},{"taxonomy":"post_tag","embeddable":true,"href":"https:\/\/www.radiointeractivo.com.mx\/index.php?rest_route=%2Fwp%2Fv2%2Ftags&post=4271"}],"curies":[{"name":"wp","href":"https:\/\/api.w.org\/{rel}","templated":true}]}}