{"id":4268,"date":"2023-11-22T21:35:22","date_gmt":"2023-11-23T03:35:22","guid":{"rendered":"https:\/\/www.radiointeractivo.com.mx\/?p=4268"},"modified":"2023-11-22T21:35:22","modified_gmt":"2023-11-23T03:35:22","slug":"insiste-sst-extremar-cuidados-ante-bajas-temperaturas","status":"publish","type":"post","link":"https:\/\/www.radiointeractivo.com.mx\/?p=4268","title":{"rendered":"Insiste SST extremar cuidados ante bajas temperaturas"},"content":{"rendered":"\n<figure class=\"wp-block-image size-full\"><img loading=\"lazy\" decoding=\"async\" width=\"958\" height=\"596\" src=\"https:\/\/www.radiointeractivo.com.mx\/wp-content\/uploads\/2023\/11\/frio.jpeg\" alt=\"\" class=\"wp-image-4269\" srcset=\"https:\/\/www.radiointeractivo.com.mx\/wp-content\/uploads\/2023\/11\/frio.jpeg 958w, https:\/\/www.radiointeractivo.com.mx\/wp-content\/uploads\/2023\/11\/frio-300x187.jpeg 300w, https:\/\/www.radiointeractivo.com.mx\/wp-content\/uploads\/2023\/11\/frio-768x478.jpeg 768w\" sizes=\"auto, (max-width: 958px) 100vw, 958px\" \/><\/figure>\n\n\n\n<p>Por: Agencias<\/p>\n\n\n\n<p>Ciudad Victoria, Tamaulipas.- Para atender las necesidades de la poblaci\u00f3n ante la presencia de las bajas temperaturas, el Gobierno de Tamaulipas a trav\u00e9s de la Secretar\u00eda de Salud, realiza la supervisi\u00f3n de albergues y mantiene el abasto de los medicamentos e insumos necesarios en las unidades de primer nivel de atenci\u00f3n.<\/p>\n\n\n\n<p>El secretario de Salud, Vicente Joel Hern\u00e1ndez Navarro, dijo que con las bajas temperaturas ya se registra un incremento en la consulta por Infecciones Respiratorias Agudas (IRAS), por lo que es necesario atender las recomendaciones como el abrigarse adecuadamente y no exponerse a los cambios bruscos de temperatura.<\/p>\n\n\n\n<p>\u201cLas enfermedades asociadas al fr\u00edo ya registran un incremento entre la poblaci\u00f3n, pero tambi\u00e9n es importante que atendamos las recomendaciones que emiten las dependencias estatales como Protecci\u00f3n Civil, entre las que destaca el tener especial cuidado con los calentadores, braseros o anafres para mitigar el fr\u00edo, debemos estar debidamente informados y extremar precauciones\u201d, se\u00f1al\u00f3.<\/p>\n\n\n\n<p>Entre las enfermedades respiratorias asociadas al fr\u00edo, existe un incremento de hasta un 40 por ciento en la consulta m\u00e9dica, principalmente en menores de 5 a\u00f1os; en lo referente a influenza estacional y entre la poblaci\u00f3n en general, a la fecha se tiene un reporte de 44 casos confirmados, de los cuales 17 se han registrado en esta temporada invernal y una lamentable defunci\u00f3n.<\/p>\n\n\n\n<p>Para la temporada invernal, se recomienda fortalecer el sistema inmunol\u00f3gico y poner especial atenci\u00f3n en los menores de 5 a\u00f1os y los adultos mayores para prevenir las complicaciones de las IRAS y para ello se debe aumentar el consumo de frutas y verduras amarillas y anaranjadas que contengan vitamina A y C principalmente; y vacunarse contra la influenza, COVID y neumococo.<\/p>\n\n\n\n<p>De igual manera, es necesario que los menores est\u00e9n al corriente de sus vacunas; y que en los primeros 6 meses de vida, su alimentaci\u00f3n sea exclusiva de lactancia materna.<\/p>\n\n\n\n<p>Por \u00faltimo, el titular de Salud reiter\u00f3 que las recomendaciones que se aprendieron durante la pandemia siguen vigentes, como el lavarse las manos con frecuencia, al toser o estornudar, al tocar barandales, al tocar el bot\u00f3n del elevador, las llaves o cualquier objeto, as\u00ed como antes y despu\u00e9s de ir al ba\u00f1o; y no olvidar el estornudo de etiqueta y al toser o estornudar, cubrir la nariz y boca con un pa\u00f1uelo.<\/p>\n","protected":false},"excerpt":{"rendered":"<p>Por: Agencias Ciudad Victoria, Tamaulipas.- Para atender las necesidades de la poblaci\u00f3n ante la presencia de las bajas temperaturas, el Gobierno de Tamaulipas a trav\u00e9s de la Secretar\u00eda de Salud, realiza la supervisi\u00f3n de albergues y mantiene el abasto de los medicamentos e insumos necesarios en las unidades de primer nivel de atenci\u00f3n. El secretario &hellip;<\/p>\n","protected":false},"author":1,"featured_media":4269,"comment_status":"open","ping_status":"open","sticky":false,"template":"","format":"standard","meta":{"footnotes":""},"categories":[39],"tags":[],"class_list":["post-4268","post","type-post","status-publish","format-standard","has-post-thumbnail","","category-tamaulipas"],"_links":{"self":[{"href":"https:\/\/www.radiointeractivo.com.mx\/index.php?rest_route=\/wp\/v2\/posts\/4268","targetHints":{"allow":["GET"]}}],"collection":[{"href":"https:\/\/www.radiointeractivo.com.mx\/index.php?rest_route=\/wp\/v2\/posts"}],"about":[{"href":"https:\/\/www.radiointeractivo.com.mx\/index.php?rest_route=\/wp\/v2\/types\/post"}],"author":[{"embeddable":true,"href":"https:\/\/www.radiointeractivo.com.mx\/index.php?rest_route=\/wp\/v2\/users\/1"}],"replies":[{"embeddable":true,"href":"https:\/\/www.radiointeractivo.com.mx\/index.php?rest_route=%2Fwp%2Fv2%2Fcomments&post=4268"}],"version-history":[{"count":1,"href":"https:\/\/www.radiointeractivo.com.mx\/index.php?rest_route=\/wp\/v2\/posts\/4268\/revisions"}],"predecessor-version":[{"id":4270,"href":"https:\/\/www.radiointeractivo.com.mx\/index.php?rest_route=\/wp\/v2\/posts\/4268\/revisions\/4270"}],"wp:featuredmedia":[{"embeddable":true,"href":"https:\/\/www.radiointeractivo.com.mx\/index.php?rest_route=\/wp\/v2\/media\/4269"}],"wp:attachment":[{"href":"https:\/\/www.radiointeractivo.com.mx\/index.php?rest_route=%2Fwp%2Fv2%2Fmedia&parent=4268"}],"wp:term":[{"taxonomy":"category","embeddable":true,"href":"https:\/\/www.radiointeractivo.com.mx\/index.php?rest_route=%2Fwp%2Fv2%2Fcategories&post=4268"},{"taxonomy":"post_tag","embeddable":true,"href":"https:\/\/www.radiointeractivo.com.mx\/index.php?rest_route=%2Fwp%2Fv2%2Ftags&post=4268"}],"curies":[{"name":"wp","href":"https:\/\/api.w.org\/{rel}","templated":true}]}}