{"id":4255,"date":"2023-11-22T17:39:51","date_gmt":"2023-11-22T23:39:51","guid":{"rendered":"https:\/\/www.radiointeractivo.com.mx\/?p=4255"},"modified":"2023-11-22T17:39:53","modified_gmt":"2023-11-22T23:39:53","slug":"confirma-rosa-icela-rodriguez-reduccion-de-delitos-en-tamaulipas","status":"publish","type":"post","link":"https:\/\/www.radiointeractivo.com.mx\/?p=4255","title":{"rendered":"Confirma Rosa Icela Rodr\u00edguez reducci\u00f3n de delitos en Tamaulipas"},"content":{"rendered":"\n<figure class=\"wp-block-image size-large\"><img loading=\"lazy\" decoding=\"async\" width=\"1024\" height=\"682\" src=\"https:\/\/www.radiointeractivo.com.mx\/wp-content\/uploads\/2023\/11\/WhatsApp-Image-2023-11-22-at-4.08.51-PM-1024x682.jpeg\" alt=\"\" class=\"wp-image-4256\" srcset=\"https:\/\/www.radiointeractivo.com.mx\/wp-content\/uploads\/2023\/11\/WhatsApp-Image-2023-11-22-at-4.08.51-PM-1024x682.jpeg 1024w, https:\/\/www.radiointeractivo.com.mx\/wp-content\/uploads\/2023\/11\/WhatsApp-Image-2023-11-22-at-4.08.51-PM-300x200.jpeg 300w, https:\/\/www.radiointeractivo.com.mx\/wp-content\/uploads\/2023\/11\/WhatsApp-Image-2023-11-22-at-4.08.51-PM-768x512.jpeg 768w, https:\/\/www.radiointeractivo.com.mx\/wp-content\/uploads\/2023\/11\/WhatsApp-Image-2023-11-22-at-4.08.51-PM-1536x1023.jpeg 1536w, https:\/\/www.radiointeractivo.com.mx\/wp-content\/uploads\/2023\/11\/WhatsApp-Image-2023-11-22-at-4.08.51-PM-310x205.jpeg 310w, https:\/\/www.radiointeractivo.com.mx\/wp-content\/uploads\/2023\/11\/WhatsApp-Image-2023-11-22-at-4.08.51-PM.jpeg 1600w\" sizes=\"auto, (max-width: 1024px) 100vw, 1024px\" \/><\/figure>\n\n\n\n<p>-Durante la Conferencia Nacional de Seguridad P\u00fablica, la titular de la SSPC destaca la construcci\u00f3n de paz en el estado<\/p>\n\n\n\n<p>Por: Agencias<\/p>\n\n\n\n<p>Tampico, Tamaulipas.- La secretaria de Seguridad P\u00fablica y Protecci\u00f3n Ciudadana (SSPC) del Gobierno Federal, Rosa Icela Rodr\u00edguez Vel\u00e1zquez confirm\u00f3 los avances que se registran en materia de seguridad y una reducci\u00f3n en la mayor\u00eda de los delitos en Tamaulipas.<\/p>\n\n\n\n<p>Al participar v\u00eda remota en la XXIX Asamblea Plenaria de la Conferencia Nacional de Secretarias y Secretarios de Seguridad P\u00fablica que se realiza en el puerto de Tampico, una de las ciudades m\u00e1s seguras del pa\u00eds, la funcionaria federal resalt\u00f3 el trabajo coordinado que se realiza con las Mesas de Construcci\u00f3n de Paz.<\/p>\n\n\n\n<p>Afirm\u00f3 que el presidente Andr\u00e9s Manuel L\u00f3pez Obrador, ha guiado la forma de abordar la problem\u00e1tica de seguridad en el pa\u00eds y actualmente se prioriza la atenci\u00f3n a las causas que generan la violencia, adem\u00e1s de la Estrategia Nacional de Seguridad, que busca alinear los esfuerzos que se realizan en materia de seguridad en el Gobierno Federal, Gobierno Estatal y Gobierno Municipal\u201d.<\/p>\n\n\n\n<p>\u201cEse trabajo coordinado de los distintos niveles de gobierno se lleva a cabo todos los d\u00edas en las Mesas de Paz, en las que ustedes y sus gobiernos participan. Es un esfuerzo sin precedentes que encabeza el propio presidente, a trav\u00e9s del gabinete de seguridad, que se re\u00fane diariamente para atender una de las mayores demandas de la poblaci\u00f3n, a la que se refiere el se\u00f1or gobernador, que es la seguridad\u201d, dijo.<\/p>\n\n\n\n<p>\u201cEsto ha hecho posible que Tamaulipas, espec\u00edficamente en Tampico, la incidencia delictiva disminuy\u00f3 significativamente, pero en toda la entidad han estado reduciendo fundamentalmente los hechos de violencia que se ve\u00edan en anteriores ocasiones y de esa forma se han reducido la mayor\u00eda de los delitos en el estado de Tamaulipas\u201d, afirm\u00f3.<\/p>\n\n\n\n<p>Destac\u00f3 el trabajo que ha realizado el gobernador Am\u00e9rico Villarreal Anaya en favor de la seguridad de las y los tamaulipecos.<\/p>\n\n\n\n<p>\u201cCon su trabajo diario, abona a la construcci\u00f3n de la paz que los tamaulipecos demandan, muchas felicidades por el compromiso, por el trabajo, por el avance tambi\u00e9n en materia de seguridad en esta entidad\u201d, se\u00f1al\u00f3 al dirigirse al mandatario estatal, anfitri\u00f3n de la reuni\u00f3n.<\/p>\n\n\n\n<p>La secretaria Rosa Icela Rodr\u00edguez cit\u00f3 la alta responsabilidad que tienen como servidores p\u00fablicos y que demanda compromiso, profesionalismo, actuar con respeto a los derechos humanos y apegados a la pol\u00edtica de cero corrupci\u00f3n y cero complicidad.<\/p>\n\n\n\n<p>\u201cEn este gobierno tenemos muy clara nuestra labor, estamos del lado correcto, del lado de la gente honesta y trabajadora. No nos mueven intereses personales o acuerdos en lo oscurito. Muy bien lo dijo el se\u00f1or gobernador, Am\u00e9rico Villarreal, que estamos en un sentido de no cruzar la l\u00ednea de la legalidad\u201d, explic\u00f3.<\/p>\n\n\n\n<p>Al hablar sobre el prop\u00f3sito de la Conferencia Nacional de Secretarias y Secretarios de Seguridad P\u00fablica, subray\u00f3 el compromiso de las instituciones de seguridad, de suministrar, consultar y actualizar la informaci\u00f3n que diariamente se genera en el Sistema Nacional de Informaci\u00f3n de Seguridad P\u00fablica, indispensable para la prevenci\u00f3n, la investigaci\u00f3n y la persecuci\u00f3n de los delitos, as\u00ed como el avance en la consolidaci\u00f3n del protocolo de actuaci\u00f3n policial ante casos de violencia contra las mujeres y feminicidio, mediante la construcci\u00f3n del manual de capacitaci\u00f3n, que permitir\u00e1 comenzar con la profesionalizaci\u00f3n de los cuerpos policiales de todo el pa\u00eds.<\/p>\n\n\n\n<p>Al hacer un llamado a todas y todos los secretarios de Seguridad del pa\u00eds, se\u00f1alando que son tiempos de transformaci\u00f3n donde se trabaja con un nuevo paradigma en seguridad, la funcionaria federal dijo que para el reto de construir la paz y la demanda ciudadana de m\u00e1s y mejor seguridad, no hay diferencia entre \u00f3rdenes de gobierno, ni distingue entre colores o ideolog\u00edas.<\/p>\n\n\n\n<p>\u201cSepan que desde la Secretar\u00eda de Seguridad y Protecci\u00f3n Ciudadana cuentan con todo nuestro apoyo para seguir trabajando unidos. Vamos con paso firme hacia la construcci\u00f3n de la paz que nuestro pa\u00eds necesita, avanzamos porque nos mueve la convicci\u00f3n real de que las cosas s\u00ed pueden cambiar\u201d.<\/p>\n","protected":false},"excerpt":{"rendered":"<p>-Durante la Conferencia Nacional de Seguridad P\u00fablica, la titular de la SSPC destaca la construcci\u00f3n de paz en el estado Por: Agencias Tampico, Tamaulipas.- La secretaria de Seguridad P\u00fablica y Protecci\u00f3n Ciudadana (SSPC) del Gobierno Federal, Rosa Icela Rodr\u00edguez Vel\u00e1zquez confirm\u00f3 los avances que se registran en materia de seguridad y una reducci\u00f3n en la &hellip;<\/p>\n","protected":false},"author":1,"featured_media":4256,"comment_status":"open","ping_status":"open","sticky":false,"template":"","format":"standard","meta":{"footnotes":""},"categories":[39],"tags":[],"class_list":["post-4255","post","type-post","status-publish","format-standard","has-post-thumbnail","","category-tamaulipas"],"_links":{"self":[{"href":"https:\/\/www.radiointeractivo.com.mx\/index.php?rest_route=\/wp\/v2\/posts\/4255","targetHints":{"allow":["GET"]}}],"collection":[{"href":"https:\/\/www.radiointeractivo.com.mx\/index.php?rest_route=\/wp\/v2\/posts"}],"about":[{"href":"https:\/\/www.radiointeractivo.com.mx\/index.php?rest_route=\/wp\/v2\/types\/post"}],"author":[{"embeddable":true,"href":"https:\/\/www.radiointeractivo.com.mx\/index.php?rest_route=\/wp\/v2\/users\/1"}],"replies":[{"embeddable":true,"href":"https:\/\/www.radiointeractivo.com.mx\/index.php?rest_route=%2Fwp%2Fv2%2Fcomments&post=4255"}],"version-history":[{"count":1,"href":"https:\/\/www.radiointeractivo.com.mx\/index.php?rest_route=\/wp\/v2\/posts\/4255\/revisions"}],"predecessor-version":[{"id":4257,"href":"https:\/\/www.radiointeractivo.com.mx\/index.php?rest_route=\/wp\/v2\/posts\/4255\/revisions\/4257"}],"wp:featuredmedia":[{"embeddable":true,"href":"https:\/\/www.radiointeractivo.com.mx\/index.php?rest_route=\/wp\/v2\/media\/4256"}],"wp:attachment":[{"href":"https:\/\/www.radiointeractivo.com.mx\/index.php?rest_route=%2Fwp%2Fv2%2Fmedia&parent=4255"}],"wp:term":[{"taxonomy":"category","embeddable":true,"href":"https:\/\/www.radiointeractivo.com.mx\/index.php?rest_route=%2Fwp%2Fv2%2Fcategories&post=4255"},{"taxonomy":"post_tag","embeddable":true,"href":"https:\/\/www.radiointeractivo.com.mx\/index.php?rest_route=%2Fwp%2Fv2%2Ftags&post=4255"}],"curies":[{"name":"wp","href":"https:\/\/api.w.org\/{rel}","templated":true}]}}