{"id":4252,"date":"2023-11-22T17:37:53","date_gmt":"2023-11-22T23:37:53","guid":{"rendered":"https:\/\/www.radiointeractivo.com.mx\/?p=4252"},"modified":"2023-11-22T17:37:55","modified_gmt":"2023-11-22T23:37:55","slug":"atiende-dif-tamaulipas-a-mas-de-600-habitantes-de-burgos-mendez-y-cruillas-con-la-brigada-transformando-familias","status":"publish","type":"post","link":"https:\/\/www.radiointeractivo.com.mx\/?p=4252","title":{"rendered":"Atiende DIF Tamaulipas a m\u00e1s de 600 habitantes de Burgos, M\u00e9ndez y Cruillas con la brigada \u201cTransformando Familias\u201d"},"content":{"rendered":"\n<figure class=\"wp-block-image size-large\"><img loading=\"lazy\" decoding=\"async\" width=\"1024\" height=\"730\" src=\"https:\/\/www.radiointeractivo.com.mx\/wp-content\/uploads\/2023\/11\/WhatsApp-Image-2023-11-22-at-3.43.10-PM-1024x730.jpeg\" alt=\"\" class=\"wp-image-4253\" srcset=\"https:\/\/www.radiointeractivo.com.mx\/wp-content\/uploads\/2023\/11\/WhatsApp-Image-2023-11-22-at-3.43.10-PM-1024x730.jpeg 1024w, https:\/\/www.radiointeractivo.com.mx\/wp-content\/uploads\/2023\/11\/WhatsApp-Image-2023-11-22-at-3.43.10-PM-300x214.jpeg 300w, https:\/\/www.radiointeractivo.com.mx\/wp-content\/uploads\/2023\/11\/WhatsApp-Image-2023-11-22-at-3.43.10-PM-768x548.jpeg 768w, https:\/\/www.radiointeractivo.com.mx\/wp-content\/uploads\/2023\/11\/WhatsApp-Image-2023-11-22-at-3.43.10-PM-1536x1095.jpeg 1536w, https:\/\/www.radiointeractivo.com.mx\/wp-content\/uploads\/2023\/11\/WhatsApp-Image-2023-11-22-at-3.43.10-PM.jpeg 1600w\" sizes=\"auto, (max-width: 1024px) 100vw, 1024px\" \/><\/figure>\n\n\n\n<p>-Son 24 comunidades de tres municipios que recibieron los apoyos<\/p>\n\n\n\n<p>Por: Agencias<\/p>\n\n\n\n<p>Burgos, Tamaulipas. Con la prioridad de atender a la poblaci\u00f3n vulnerable de las comunidades m\u00e1s alejadas, el Sistema DIF Tamaulipas que preside la doctora Mar\u00eda de Villarreal, llev\u00f3 al municipio de Burgos la brigada asistencial \u201cTransformando Familias\u201d, en donde tambi\u00e9n se atendi\u00f3 a la poblaci\u00f3n de los municipios de Cruillas y M\u00e9ndez.<\/p>\n\n\n\n<p>Comunidades como Benito Ju\u00e1rez, C\u00e1ndido Aguilar, Charcos, El Divisadero, Emiliano Zapata, Emilio Portes Gil, La Colmena, entre otros, recibieron las atenciones de los m\u00f3dulos de vacunaci\u00f3n, registro civil, atenci\u00f3n m\u00e9dico dental, orientaci\u00f3n nutricional, tr\u00e1mite de becas, corte de cabello, entre muchos servicios m\u00e1s.<\/p>\n\n\n\n<p>Ah\u00ed mismo, la presidenta del DIF Tamaulipas, tuvo la oportunidad de escuchar a los presentes con sus peticiones y sugerencias para mejorar su comunidad y tener un mejor desarrollo en familia, adem\u00e1s, a cada una de ellas les entreg\u00f3 una despensa para ayudar en su nutrici\u00f3n y elevar su calidad de vida.<\/p>\n","protected":false},"excerpt":{"rendered":"<p>-Son 24 comunidades de tres municipios que recibieron los apoyos Por: Agencias Burgos, Tamaulipas. Con la prioridad de atender a la poblaci\u00f3n vulnerable de las comunidades m\u00e1s alejadas, el Sistema DIF Tamaulipas que preside la doctora Mar\u00eda de Villarreal, llev\u00f3 al municipio de Burgos la brigada asistencial \u201cTransformando Familias\u201d, en donde tambi\u00e9n se atendi\u00f3 a &hellip;<\/p>\n","protected":false},"author":1,"featured_media":4253,"comment_status":"open","ping_status":"open","sticky":false,"template":"","format":"standard","meta":{"footnotes":""},"categories":[39],"tags":[],"class_list":["post-4252","post","type-post","status-publish","format-standard","has-post-thumbnail","","category-tamaulipas"],"_links":{"self":[{"href":"https:\/\/www.radiointeractivo.com.mx\/index.php?rest_route=\/wp\/v2\/posts\/4252","targetHints":{"allow":["GET"]}}],"collection":[{"href":"https:\/\/www.radiointeractivo.com.mx\/index.php?rest_route=\/wp\/v2\/posts"}],"about":[{"href":"https:\/\/www.radiointeractivo.com.mx\/index.php?rest_route=\/wp\/v2\/types\/post"}],"author":[{"embeddable":true,"href":"https:\/\/www.radiointeractivo.com.mx\/index.php?rest_route=\/wp\/v2\/users\/1"}],"replies":[{"embeddable":true,"href":"https:\/\/www.radiointeractivo.com.mx\/index.php?rest_route=%2Fwp%2Fv2%2Fcomments&post=4252"}],"version-history":[{"count":1,"href":"https:\/\/www.radiointeractivo.com.mx\/index.php?rest_route=\/wp\/v2\/posts\/4252\/revisions"}],"predecessor-version":[{"id":4254,"href":"https:\/\/www.radiointeractivo.com.mx\/index.php?rest_route=\/wp\/v2\/posts\/4252\/revisions\/4254"}],"wp:featuredmedia":[{"embeddable":true,"href":"https:\/\/www.radiointeractivo.com.mx\/index.php?rest_route=\/wp\/v2\/media\/4253"}],"wp:attachment":[{"href":"https:\/\/www.radiointeractivo.com.mx\/index.php?rest_route=%2Fwp%2Fv2%2Fmedia&parent=4252"}],"wp:term":[{"taxonomy":"category","embeddable":true,"href":"https:\/\/www.radiointeractivo.com.mx\/index.php?rest_route=%2Fwp%2Fv2%2Fcategories&post=4252"},{"taxonomy":"post_tag","embeddable":true,"href":"https:\/\/www.radiointeractivo.com.mx\/index.php?rest_route=%2Fwp%2Fv2%2Ftags&post=4252"}],"curies":[{"name":"wp","href":"https:\/\/api.w.org\/{rel}","templated":true}]}}