{"id":4249,"date":"2023-11-22T17:36:24","date_gmt":"2023-11-22T23:36:24","guid":{"rendered":"https:\/\/www.radiointeractivo.com.mx\/?p=4249"},"modified":"2023-11-22T17:36:25","modified_gmt":"2023-11-22T23:36:25","slug":"coloca-servicio-nacional-del-empleo-a-40-tamaulipecos-para-trabajar-en-sinaloa-en-labores-agricolas","status":"publish","type":"post","link":"https:\/\/www.radiointeractivo.com.mx\/?p=4249","title":{"rendered":"Coloca Servicio Nacional del Empleo a 40 tamaulipecos para trabajar en Sinaloa en labores agr\u00edcolas"},"content":{"rendered":"\n<figure class=\"wp-block-image size-large\"><img loading=\"lazy\" decoding=\"async\" width=\"768\" height=\"1024\" src=\"https:\/\/www.radiointeractivo.com.mx\/wp-content\/uploads\/2023\/11\/WhatsApp-Image-2023-11-22-at-3.41.50-PM-768x1024.jpeg\" alt=\"\" class=\"wp-image-4250\" srcset=\"https:\/\/www.radiointeractivo.com.mx\/wp-content\/uploads\/2023\/11\/WhatsApp-Image-2023-11-22-at-3.41.50-PM-768x1023.jpeg 768w, https:\/\/www.radiointeractivo.com.mx\/wp-content\/uploads\/2023\/11\/WhatsApp-Image-2023-11-22-at-3.41.50-PM-225x300.jpeg 225w, https:\/\/www.radiointeractivo.com.mx\/wp-content\/uploads\/2023\/11\/WhatsApp-Image-2023-11-22-at-3.41.50-PM-1153x1536.jpeg 1153w, https:\/\/www.radiointeractivo.com.mx\/wp-content\/uploads\/2023\/11\/WhatsApp-Image-2023-11-22-at-3.41.50-PM.jpeg 1200w\" sizes=\"auto, (max-width: 768px) 100vw, 768px\" \/><\/figure>\n\n\n\n<p>-Es muestra de la confianza que tienen las empresas en el Gobierno de Tamaulipas: Olga Sosa Ru\u00edz<\/p>\n\n\n\n<p>Por: Agencias <\/p>\n\n\n\n<p>Tula, Tamaulipas. &#8211; Durante diciembre 2023 y enero 2024, un registro de 40 personas con experiencia en labores agr\u00edcolas, estar\u00e1n trabajando en el estado de Sinaloa, gracias al programa de Movilidad Laboral Interna de la Secretar\u00eda del Trabajo a trav\u00e9s del Servicio Nacional del Empleo del Gobierno de Tamaulipas.<\/p>\n\n\n\n<p>Al respecto, la secretaria del Trabajo y Previsi\u00f3n Social Olga Patricia Sosa Ru\u00edz inform\u00f3 que en la empresa Valores Hort\u00edcolas del Pac\u00edfico, ubicada en el ejido San Pablo municipio de Tula, es donde se realiz\u00f3 la integraci\u00f3n de expedientes de las y los buscadores de empleo que fueron seleccionados, para estas vacantes en la ciudad de Culiac\u00e1n.<\/p>\n\n\n\n<p>\u201cEstas acciones donde interviene el Servicio Nacional del Empleo, nos habla de la confianza que tienen las empresas en las labores de vinculaci\u00f3n para colocar a las personas m\u00e1s capacitadas en las vacantes y lo hacemos con mucho gusto, con la convicci\u00f3n de estar aportando a la cadena productiva y a la transformaci\u00f3n de nuestro estado\u201d se\u00f1al\u00f3 la funcionaria estatal.<\/p>\n\n\n\n<p>Los seleccionados para este trabajo estar\u00e1n dedicados a la pizca y empaque de hortalizas como berenjena, jitomate, pimiento morr\u00f3n y pepino, en los que los trabajadores de labores agr\u00edcolas tienen amplia experiencia para el manejo de estos productos del campo.<\/p>\n","protected":false},"excerpt":{"rendered":"<p>-Es muestra de la confianza que tienen las empresas en el Gobierno de Tamaulipas: Olga Sosa Ru\u00edz Por: Agencias Tula, Tamaulipas. &#8211; Durante diciembre 2023 y enero 2024, un registro de 40 personas con experiencia en labores agr\u00edcolas, estar\u00e1n trabajando en el estado de Sinaloa, gracias al programa de Movilidad Laboral Interna de la Secretar\u00eda &hellip;<\/p>\n","protected":false},"author":1,"featured_media":4250,"comment_status":"open","ping_status":"open","sticky":false,"template":"","format":"standard","meta":{"footnotes":""},"categories":[39],"tags":[],"class_list":["post-4249","post","type-post","status-publish","format-standard","has-post-thumbnail","","category-tamaulipas"],"_links":{"self":[{"href":"https:\/\/www.radiointeractivo.com.mx\/index.php?rest_route=\/wp\/v2\/posts\/4249","targetHints":{"allow":["GET"]}}],"collection":[{"href":"https:\/\/www.radiointeractivo.com.mx\/index.php?rest_route=\/wp\/v2\/posts"}],"about":[{"href":"https:\/\/www.radiointeractivo.com.mx\/index.php?rest_route=\/wp\/v2\/types\/post"}],"author":[{"embeddable":true,"href":"https:\/\/www.radiointeractivo.com.mx\/index.php?rest_route=\/wp\/v2\/users\/1"}],"replies":[{"embeddable":true,"href":"https:\/\/www.radiointeractivo.com.mx\/index.php?rest_route=%2Fwp%2Fv2%2Fcomments&post=4249"}],"version-history":[{"count":1,"href":"https:\/\/www.radiointeractivo.com.mx\/index.php?rest_route=\/wp\/v2\/posts\/4249\/revisions"}],"predecessor-version":[{"id":4251,"href":"https:\/\/www.radiointeractivo.com.mx\/index.php?rest_route=\/wp\/v2\/posts\/4249\/revisions\/4251"}],"wp:featuredmedia":[{"embeddable":true,"href":"https:\/\/www.radiointeractivo.com.mx\/index.php?rest_route=\/wp\/v2\/media\/4250"}],"wp:attachment":[{"href":"https:\/\/www.radiointeractivo.com.mx\/index.php?rest_route=%2Fwp%2Fv2%2Fmedia&parent=4249"}],"wp:term":[{"taxonomy":"category","embeddable":true,"href":"https:\/\/www.radiointeractivo.com.mx\/index.php?rest_route=%2Fwp%2Fv2%2Fcategories&post=4249"},{"taxonomy":"post_tag","embeddable":true,"href":"https:\/\/www.radiointeractivo.com.mx\/index.php?rest_route=%2Fwp%2Fv2%2Ftags&post=4249"}],"curies":[{"name":"wp","href":"https:\/\/api.w.org\/{rel}","templated":true}]}}