{"id":4235,"date":"2023-11-22T15:44:10","date_gmt":"2023-11-22T21:44:10","guid":{"rendered":"https:\/\/www.radiointeractivo.com.mx\/?p=4235"},"modified":"2023-11-22T15:44:13","modified_gmt":"2023-11-22T21:44:13","slug":"anuncia-municipio-jornada-de-vacunacion-contra-covid-19","status":"publish","type":"post","link":"https:\/\/www.radiointeractivo.com.mx\/?p=4235","title":{"rendered":"ANUNCIA MUNICIPIO JORNADA DE VACUNACI\u00d3N CONTRA COVID 19"},"content":{"rendered":"\n<figure class=\"wp-block-image size-large\"><img loading=\"lazy\" decoding=\"async\" width=\"1024\" height=\"682\" src=\"https:\/\/www.radiointeractivo.com.mx\/wp-content\/uploads\/2023\/11\/1-10-realizaran-en-nuevo-laredo-jornada-de-vacunacion-contra-covid-8790html-nuevolaredo-jpgjpeg-9886html-a6e6ef61-e5d8-48e8-b117-bbe228b2ed07-1024x682.webp\" alt=\"\" class=\"wp-image-4236\" srcset=\"https:\/\/www.radiointeractivo.com.mx\/wp-content\/uploads\/2023\/11\/1-10-realizaran-en-nuevo-laredo-jornada-de-vacunacion-contra-covid-8790html-nuevolaredo-jpgjpeg-9886html-a6e6ef61-e5d8-48e8-b117-bbe228b2ed07-1024x682.webp 1024w, https:\/\/www.radiointeractivo.com.mx\/wp-content\/uploads\/2023\/11\/1-10-realizaran-en-nuevo-laredo-jornada-de-vacunacion-contra-covid-8790html-nuevolaredo-jpgjpeg-9886html-a6e6ef61-e5d8-48e8-b117-bbe228b2ed07-300x200.webp 300w, https:\/\/www.radiointeractivo.com.mx\/wp-content\/uploads\/2023\/11\/1-10-realizaran-en-nuevo-laredo-jornada-de-vacunacion-contra-covid-8790html-nuevolaredo-jpgjpeg-9886html-a6e6ef61-e5d8-48e8-b117-bbe228b2ed07-768x512.webp 768w, https:\/\/www.radiointeractivo.com.mx\/wp-content\/uploads\/2023\/11\/1-10-realizaran-en-nuevo-laredo-jornada-de-vacunacion-contra-covid-8790html-nuevolaredo-jpgjpeg-9886html-a6e6ef61-e5d8-48e8-b117-bbe228b2ed07-310x205.webp 310w, https:\/\/www.radiointeractivo.com.mx\/wp-content\/uploads\/2023\/11\/1-10-realizaran-en-nuevo-laredo-jornada-de-vacunacion-contra-covid-8790html-nuevolaredo-jpgjpeg-9886html-a6e6ef61-e5d8-48e8-b117-bbe228b2ed07.webp 1117w\" sizes=\"auto, (max-width: 1024px) 100vw, 1024px\" \/><\/figure>\n\n\n\n<p>Por: Staff | #NuevoLaredo #Tamaulipas<\/p>\n\n\n\n<p>El Gobierno Municipal, en coordinaci\u00f3n con la Jurisdicci\u00f3n Sanitaria 5, invita a la ciudadan\u00eda a la jornada de vacunaci\u00f3n contra el COVID 19 que se realizar\u00e1 este viernes 24 de noviembre.<\/p>\n\n\n\n<p>En esta jornada, que tendr\u00e1 lugar en el Centro C\u00edvico \u201cCarlos Cant\u00fa Rosas\u201d a partir de las 8:00 de la ma\u00f1ana, se vacunar\u00e1 a beb\u00e9s desde los 6 meses de nacidos a ni\u00f1os de 11 a\u00f1os de edad y adultos para protegerlos del Covid19 y evitar contagios en esta temporada invernal.<\/p>\n","protected":false},"excerpt":{"rendered":"<p>Por: Staff | #NuevoLaredo #Tamaulipas El Gobierno Municipal, en coordinaci\u00f3n con la Jurisdicci\u00f3n Sanitaria 5, invita a la ciudadan\u00eda a la jornada de vacunaci\u00f3n contra el COVID 19 que se realizar\u00e1 este viernes 24 de noviembre. En esta jornada, que tendr\u00e1 lugar en el Centro C\u00edvico \u201cCarlos Cant\u00fa Rosas\u201d a partir de las 8:00 de &hellip;<\/p>\n","protected":false},"author":1,"featured_media":4236,"comment_status":"open","ping_status":"open","sticky":false,"template":"","format":"standard","meta":{"footnotes":""},"categories":[38],"tags":[],"class_list":["post-4235","post","type-post","status-publish","format-standard","has-post-thumbnail","","category-nuevo-laredo"],"_links":{"self":[{"href":"https:\/\/www.radiointeractivo.com.mx\/index.php?rest_route=\/wp\/v2\/posts\/4235","targetHints":{"allow":["GET"]}}],"collection":[{"href":"https:\/\/www.radiointeractivo.com.mx\/index.php?rest_route=\/wp\/v2\/posts"}],"about":[{"href":"https:\/\/www.radiointeractivo.com.mx\/index.php?rest_route=\/wp\/v2\/types\/post"}],"author":[{"embeddable":true,"href":"https:\/\/www.radiointeractivo.com.mx\/index.php?rest_route=\/wp\/v2\/users\/1"}],"replies":[{"embeddable":true,"href":"https:\/\/www.radiointeractivo.com.mx\/index.php?rest_route=%2Fwp%2Fv2%2Fcomments&post=4235"}],"version-history":[{"count":1,"href":"https:\/\/www.radiointeractivo.com.mx\/index.php?rest_route=\/wp\/v2\/posts\/4235\/revisions"}],"predecessor-version":[{"id":4237,"href":"https:\/\/www.radiointeractivo.com.mx\/index.php?rest_route=\/wp\/v2\/posts\/4235\/revisions\/4237"}],"wp:featuredmedia":[{"embeddable":true,"href":"https:\/\/www.radiointeractivo.com.mx\/index.php?rest_route=\/wp\/v2\/media\/4236"}],"wp:attachment":[{"href":"https:\/\/www.radiointeractivo.com.mx\/index.php?rest_route=%2Fwp%2Fv2%2Fmedia&parent=4235"}],"wp:term":[{"taxonomy":"category","embeddable":true,"href":"https:\/\/www.radiointeractivo.com.mx\/index.php?rest_route=%2Fwp%2Fv2%2Fcategories&post=4235"},{"taxonomy":"post_tag","embeddable":true,"href":"https:\/\/www.radiointeractivo.com.mx\/index.php?rest_route=%2Fwp%2Fv2%2Ftags&post=4235"}],"curies":[{"name":"wp","href":"https:\/\/api.w.org\/{rel}","templated":true}]}}