{"id":4232,"date":"2023-11-21T17:55:48","date_gmt":"2023-11-21T23:55:48","guid":{"rendered":"https:\/\/www.radiointeractivo.com.mx\/?p=4232"},"modified":"2023-11-21T17:55:49","modified_gmt":"2023-11-21T23:55:49","slug":"habra-suspension-de-agua-comapa-continua-con-programa-de-mantenimiento-invernal-realizando-paro-en-planta-centro","status":"publish","type":"post","link":"https:\/\/www.radiointeractivo.com.mx\/?p=4232","title":{"rendered":"HABR\u00c1 SUSPENSI\u00d3N DE AGUA; COMAPA CONTIN\u00daA CON PROGRAMA DE MANTENIMIENTO INVERNAL; REALIZANDO PARO EN PLANTA CENTRO"},"content":{"rendered":"\n<figure class=\"wp-block-image size-full\"><img loading=\"lazy\" decoding=\"async\" width=\"1024\" height=\"768\" src=\"https:\/\/www.radiointeractivo.com.mx\/wp-content\/uploads\/2023\/11\/WhatsApp-Image-2023-11-21-at-4.42.48-PM.jpeg\" alt=\"\" class=\"wp-image-4233\" srcset=\"https:\/\/www.radiointeractivo.com.mx\/wp-content\/uploads\/2023\/11\/WhatsApp-Image-2023-11-21-at-4.42.48-PM.jpeg 1024w, https:\/\/www.radiointeractivo.com.mx\/wp-content\/uploads\/2023\/11\/WhatsApp-Image-2023-11-21-at-4.42.48-PM-300x225.jpeg 300w, https:\/\/www.radiointeractivo.com.mx\/wp-content\/uploads\/2023\/11\/WhatsApp-Image-2023-11-21-at-4.42.48-PM-768x576.jpeg 768w\" sizes=\"auto, (max-width: 1024px) 100vw, 1024px\" \/><\/figure>\n\n\n\n<p>Por: Staff | #NuevoLaredo #Tamaulipas<\/p>\n\n\n\n<p>Continuando con su programaci\u00f3n de mantenimientos invernales en plantas, tanques y cisternas, la Comisi\u00f3n Municipal de Agua Potable y Alcantarillado (COMAPA) de Nuevo Laredo, anuncia la suspensi\u00f3n del servicio de agua potable al sector abastecido por la Planta Centro.<\/p>\n\n\n\n<p>\u201cEstos mantenimientos, se realizan cada temporada invernal, que es cuando bajan considerablemente los consumos, por lo que se afecta en menor medida a los usuarios&#8221;, expres\u00f3 Silvia Ariadna Fern\u00e1ndez Gallardo Boone, gerente general de la COMAPA.<\/p>\n\n\n\n<p>La suspensi\u00f3n del servicio se llevar\u00e1 a cabo a partir de las 9:00 de la ma\u00f1ana de este mi\u00e9rcoles 22 de noviembre por un lapso de 7 horas.<\/p>\n\n\n\n<p>Las colonias afectadas por este corte son:&nbsp; Infonavit, Antiguos Patios del Ferrocarril, Centro, Ram\u00f3n Salcido, Guerrero, Independencia, J.F.M.M., Jard\u00edn Juvencio, Jes\u00fas M. Garc\u00eda, Ju\u00e1rez, Longoria, Mier y Ter\u00e1n, Morelos, Multifamiliar, Ojo Caliente, Pe\u00f1a Benavides, Postal, Viveros, Rivera Del Bravo, S.A.S., San Jos\u00e9, San Rafael, Santa Martha, Sector Aduana y&nbsp; Unidad Deportiva (JFMM).<\/p>\n\n\n\n<p>Tambi\u00e9n las colonias Victoria, Viveros, Zaragoza, An\u00e1huac, Bur\u00f3crata M. Alem\u00e1n, Campestre, Militar II, Electricistas, Ferrocarrilera 1 y 2, Gonz\u00e1lez, Jard\u00edn, Los \u00c1lamos, Madero, M\u00e9xico, Hidalgo, Militar, 20 De noviembre, Am\u00e9rico Villarreal, Voluntad y Trabajo. #1, Altavista, C.N.O.P., Hacienda J. Longoria, Hidalgo, Hip\u00f3dromo, La Fe, La Rosita, Las Torres, Loma Bonita.<\/p>\n\n\n\n<p>Asimismo se ver\u00e1n afectadas por este corte las colonias,&nbsp; Lomas Del Poniente, Luis Donaldo Colosio, Matamoros, Mirador, Nueva Era, Palacios, Parque Industrial Nuevo Laredo, Roma, Unidad Nacional, Zona, Sector Centro, Alianza, Bella Vista, Berta Avellano, Buenavista, Buenos Aires, Fracc. Maclovio Herrera, Claudette, Daniel Hdz., El Maestro, Emiliano Zapata, Fracc. Las Arboledas, H\u00e9ctor Rend\u00f3n, La Joya, La Sand\u00eda, Las Alazanas, Lomas Del Rio.<\/p>\n\n\n\n<p>Otras colonias afectadas son:&nbsp; Los Garza, Los Magueyes, Militar, Reforma Urbana, Remolino, Ricardo Sandoval, Sistema Merl\u00edn, Solidaridad, Tamaulipas, Villas de La Fe, Virreyes, Villas de San Miguel, Los Arcos, Sector Ferroviario, Valles de An\u00e1huac, Haciendas Echegaray, Santiago M. Belden, Constitucional 1 y 2, Voluntad #2 (Cort\u00e9s Villada), Voluntad #3, Voluntad #4, La Joya, El Campanario, Insurgentes, Los \u00c1ngeles, Parque Industrial Oradel, U. Tecnol\u00f3gica, Villas De Oradel, Vista Bella y Blanca Navidad.<\/p>\n\n\n\n<p>Adem\u00e1s de realizar mantenimiento preventivo a la subestaci\u00f3n el\u00e9ctrica poniente y oriente, trabajar\u00e1n de manera simult\u00e1nea en la instalaci\u00f3n de una v\u00e1lvula de 20 pulgadas para l\u00ednea de captaci\u00f3n y un arrancador de bomba.<\/p>\n\n\n\n<p>\u201cEl objetivo de anunciar con anticipaci\u00f3n estos trabajos, es que los usuarios tengan la oportunidad de recolectar suficiente agua, considerando el rango de tiempo de esta suspensi\u00f3n; les recordamos que estos mantenimientos nos benefician, pues se evitan fallas a futuro\u201d, finaliz\u00f3 la funcionaria.<\/p>\n\n\n\n<p>La COMAPA invita a la ciudadan\u00eda a seguir sus redes sociales donde anuncia sobre sus trabajos programados e imprevistos, as\u00ed como brindar importante informaci\u00f3n de sus labores diarias.<\/p>\n","protected":false},"excerpt":{"rendered":"<p>Por: Staff | #NuevoLaredo #Tamaulipas Continuando con su programaci\u00f3n de mantenimientos invernales en plantas, tanques y cisternas, la Comisi\u00f3n Municipal de Agua Potable y Alcantarillado (COMAPA) de Nuevo Laredo, anuncia la suspensi\u00f3n del servicio de agua potable al sector abastecido por la Planta Centro. \u201cEstos mantenimientos, se realizan cada temporada invernal, que es cuando bajan &hellip;<\/p>\n","protected":false},"author":1,"featured_media":4233,"comment_status":"open","ping_status":"open","sticky":false,"template":"","format":"standard","meta":{"footnotes":""},"categories":[38],"tags":[],"class_list":["post-4232","post","type-post","status-publish","format-standard","has-post-thumbnail","","category-nuevo-laredo"],"_links":{"self":[{"href":"https:\/\/www.radiointeractivo.com.mx\/index.php?rest_route=\/wp\/v2\/posts\/4232","targetHints":{"allow":["GET"]}}],"collection":[{"href":"https:\/\/www.radiointeractivo.com.mx\/index.php?rest_route=\/wp\/v2\/posts"}],"about":[{"href":"https:\/\/www.radiointeractivo.com.mx\/index.php?rest_route=\/wp\/v2\/types\/post"}],"author":[{"embeddable":true,"href":"https:\/\/www.radiointeractivo.com.mx\/index.php?rest_route=\/wp\/v2\/users\/1"}],"replies":[{"embeddable":true,"href":"https:\/\/www.radiointeractivo.com.mx\/index.php?rest_route=%2Fwp%2Fv2%2Fcomments&post=4232"}],"version-history":[{"count":1,"href":"https:\/\/www.radiointeractivo.com.mx\/index.php?rest_route=\/wp\/v2\/posts\/4232\/revisions"}],"predecessor-version":[{"id":4234,"href":"https:\/\/www.radiointeractivo.com.mx\/index.php?rest_route=\/wp\/v2\/posts\/4232\/revisions\/4234"}],"wp:featuredmedia":[{"embeddable":true,"href":"https:\/\/www.radiointeractivo.com.mx\/index.php?rest_route=\/wp\/v2\/media\/4233"}],"wp:attachment":[{"href":"https:\/\/www.radiointeractivo.com.mx\/index.php?rest_route=%2Fwp%2Fv2%2Fmedia&parent=4232"}],"wp:term":[{"taxonomy":"category","embeddable":true,"href":"https:\/\/www.radiointeractivo.com.mx\/index.php?rest_route=%2Fwp%2Fv2%2Fcategories&post=4232"},{"taxonomy":"post_tag","embeddable":true,"href":"https:\/\/www.radiointeractivo.com.mx\/index.php?rest_route=%2Fwp%2Fv2%2Ftags&post=4232"}],"curies":[{"name":"wp","href":"https:\/\/api.w.org\/{rel}","templated":true}]}}