{"id":4229,"date":"2023-11-21T17:23:01","date_gmt":"2023-11-21T23:23:01","guid":{"rendered":"https:\/\/www.radiointeractivo.com.mx\/?p=4229"},"modified":"2023-11-21T17:23:01","modified_gmt":"2023-11-21T23:23:01","slug":"en-congreso-de-derecho-laboral-olga-sosa-afirma-que-nuevo-modelo-de-justicia-laboral-avanza-y-se-consolida","status":"publish","type":"post","link":"https:\/\/www.radiointeractivo.com.mx\/?p=4229","title":{"rendered":"En Congreso de Derecho Laboral, Olga Sosa afirma que nuevo modelo de justicia laboral avanza y se consolida"},"content":{"rendered":"\n<figure class=\"wp-block-image size-large\"><img loading=\"lazy\" decoding=\"async\" width=\"1024\" height=\"683\" src=\"https:\/\/www.radiointeractivo.com.mx\/wp-content\/uploads\/2023\/11\/WhatsApp-Image-2023-11-21-at-4.17.39-PM-1024x683.jpeg\" alt=\"\" class=\"wp-image-4230\" srcset=\"https:\/\/www.radiointeractivo.com.mx\/wp-content\/uploads\/2023\/11\/WhatsApp-Image-2023-11-21-at-4.17.39-PM-1024x683.jpeg 1024w, https:\/\/www.radiointeractivo.com.mx\/wp-content\/uploads\/2023\/11\/WhatsApp-Image-2023-11-21-at-4.17.39-PM-300x200.jpeg 300w, https:\/\/www.radiointeractivo.com.mx\/wp-content\/uploads\/2023\/11\/WhatsApp-Image-2023-11-21-at-4.17.39-PM-768x512.jpeg 768w, https:\/\/www.radiointeractivo.com.mx\/wp-content\/uploads\/2023\/11\/WhatsApp-Image-2023-11-21-at-4.17.39-PM.jpeg 1440w\" sizes=\"auto, (max-width: 1024px) 100vw, 1024px\" \/><\/figure>\n\n\n\n<p>-La reforma del presidente Andr\u00e9s Manuel L\u00f3pez Obrador del a\u00f1o 2019, hoy rinde frutos en todo el mundo laboral de Tamaulipas: Secretaria del Trabajo.<\/p>\n\n\n\n<p>Por: Agencias<\/p>\n\n\n\n<p>Ciudad Victoria, Tamaulipas.- En el Poder Judicial del Estado de Tamaulipas, la secretaria del Trabajo y Previsi\u00f3n Social del gobierno de Am\u00e9rico Villarreal Anaya, particip\u00f3 en la inauguraci\u00f3n del Congreso de Derecho Laboral, donde se\u00f1al\u00f3 que desde la entrada en operaci\u00f3n del nuevo modelo de justicia laboral, se trabaja de manera \u00e1gil, transparente y en la b\u00fasqueda de la prosperidad compartida.<\/p>\n\n\n\n<p>En el acto inaugural que reuni\u00f3 a Olga Sosa Ru\u00edz, secretaria del Trabajo del gobierno de Tamaulipas y a David Cerda Z\u00fa\u00f1iga, magistrado presidente del Poder Judicial del Estado de Tamaulipas, la secretaria recalc\u00f3 que \u201cla reforma del presidente Andr\u00e9s Manuel L\u00f3pez Obrador, del a\u00f1o 2019, hoy rinde frutos en todo el mundo laboral de Tamaulipas, gracias al impulso coordinado, de todos los involucrados, para su implementaci\u00f3n&#8221;.<\/p>\n\n\n\n<p>Dentro de las atribuciones de la Secretar\u00eda del Trabajo, se encuentra la operaci\u00f3n de los Centros de Conciliaci\u00f3n Laboral, y precis\u00f3 que los indicadores nacionales de los procesos desarrollados en una de las seis sedes en el estado, reportan que 8 de cada 10 conflictos laborales se resuelven por la v\u00eda de la conciliaci\u00f3n, en un promedio de 18 d\u00edas, de un plazo de hasta 45 d\u00edas.<\/p>\n\n\n\n<p>Adicional a la entrada en operaci\u00f3n de los Centros de Conciliaci\u00f3n, en otros indicadores del \u00e1mbito laboral son la recuperaci\u00f3n del salario m\u00ednimo, el reconocimiento de prestaciones, el cumplimiento de derechos, y otros cambios sustanciales en la transformaci\u00f3n del mundo del trabajo como es la democracia sindical, la participaci\u00f3n directa en los procesos de legitimaci\u00f3n de contratos y el abatimiento del rezago.<\/p>\n","protected":false},"excerpt":{"rendered":"<p>-La reforma del presidente Andr\u00e9s Manuel L\u00f3pez Obrador del a\u00f1o 2019, hoy rinde frutos en todo el mundo laboral de Tamaulipas: Secretaria del Trabajo. Por: Agencias Ciudad Victoria, Tamaulipas.- En el Poder Judicial del Estado de Tamaulipas, la secretaria del Trabajo y Previsi\u00f3n Social del gobierno de Am\u00e9rico Villarreal Anaya, particip\u00f3 en la inauguraci\u00f3n del &hellip;<\/p>\n","protected":false},"author":1,"featured_media":4230,"comment_status":"open","ping_status":"open","sticky":false,"template":"","format":"standard","meta":{"footnotes":""},"categories":[39],"tags":[],"class_list":["post-4229","post","type-post","status-publish","format-standard","has-post-thumbnail","","category-tamaulipas"],"_links":{"self":[{"href":"https:\/\/www.radiointeractivo.com.mx\/index.php?rest_route=\/wp\/v2\/posts\/4229","targetHints":{"allow":["GET"]}}],"collection":[{"href":"https:\/\/www.radiointeractivo.com.mx\/index.php?rest_route=\/wp\/v2\/posts"}],"about":[{"href":"https:\/\/www.radiointeractivo.com.mx\/index.php?rest_route=\/wp\/v2\/types\/post"}],"author":[{"embeddable":true,"href":"https:\/\/www.radiointeractivo.com.mx\/index.php?rest_route=\/wp\/v2\/users\/1"}],"replies":[{"embeddable":true,"href":"https:\/\/www.radiointeractivo.com.mx\/index.php?rest_route=%2Fwp%2Fv2%2Fcomments&post=4229"}],"version-history":[{"count":1,"href":"https:\/\/www.radiointeractivo.com.mx\/index.php?rest_route=\/wp\/v2\/posts\/4229\/revisions"}],"predecessor-version":[{"id":4231,"href":"https:\/\/www.radiointeractivo.com.mx\/index.php?rest_route=\/wp\/v2\/posts\/4229\/revisions\/4231"}],"wp:featuredmedia":[{"embeddable":true,"href":"https:\/\/www.radiointeractivo.com.mx\/index.php?rest_route=\/wp\/v2\/media\/4230"}],"wp:attachment":[{"href":"https:\/\/www.radiointeractivo.com.mx\/index.php?rest_route=%2Fwp%2Fv2%2Fmedia&parent=4229"}],"wp:term":[{"taxonomy":"category","embeddable":true,"href":"https:\/\/www.radiointeractivo.com.mx\/index.php?rest_route=%2Fwp%2Fv2%2Fcategories&post=4229"},{"taxonomy":"post_tag","embeddable":true,"href":"https:\/\/www.radiointeractivo.com.mx\/index.php?rest_route=%2Fwp%2Fv2%2Ftags&post=4229"}],"curies":[{"name":"wp","href":"https:\/\/api.w.org\/{rel}","templated":true}]}}