{"id":4223,"date":"2023-11-21T16:11:09","date_gmt":"2023-11-21T22:11:09","guid":{"rendered":"https:\/\/www.radiointeractivo.com.mx\/?p=4223"},"modified":"2023-11-21T16:11:09","modified_gmt":"2023-11-21T22:11:09","slug":"destaca-participacion-de-adultos-activos-en-desfile-revolucionario","status":"publish","type":"post","link":"https:\/\/www.radiointeractivo.com.mx\/?p=4223","title":{"rendered":"DESTACA PARTICIPACI\u00d3N DE ADULTOS ACTIVOS EN DESFILE REVOLUCIONARIO"},"content":{"rendered":"\n<figure class=\"wp-block-image size-large\"><img loading=\"lazy\" decoding=\"async\" width=\"1024\" height=\"682\" src=\"https:\/\/www.radiointeractivo.com.mx\/wp-content\/uploads\/2023\/11\/WhatsApp-Image-2023-11-21-at-4.08.59-PM-1-1024x682.jpeg\" alt=\"\" class=\"wp-image-4224\" srcset=\"https:\/\/www.radiointeractivo.com.mx\/wp-content\/uploads\/2023\/11\/WhatsApp-Image-2023-11-21-at-4.08.59-PM-1-1024x682.jpeg 1024w, https:\/\/www.radiointeractivo.com.mx\/wp-content\/uploads\/2023\/11\/WhatsApp-Image-2023-11-21-at-4.08.59-PM-1-300x200.jpeg 300w, https:\/\/www.radiointeractivo.com.mx\/wp-content\/uploads\/2023\/11\/WhatsApp-Image-2023-11-21-at-4.08.59-PM-1-768x512.jpeg 768w, https:\/\/www.radiointeractivo.com.mx\/wp-content\/uploads\/2023\/11\/WhatsApp-Image-2023-11-21-at-4.08.59-PM-1-310x205.jpeg 310w, https:\/\/www.radiointeractivo.com.mx\/wp-content\/uploads\/2023\/11\/WhatsApp-Image-2023-11-21-at-4.08.59-PM-1.jpeg 1280w\" sizes=\"auto, (max-width: 1024px) 100vw, 1024px\" \/><\/figure>\n\n\n\n<p>Por: Staff | #NuevoLaredo #Tamaulipas<\/p>\n\n\n\n<p>Con talento y dedicaci\u00f3n alumnos de los diferentes talleres de Casa Club del Adulto Activo del Sistema para el Desarrollo Integral de la Familia (DIF) participaron en actividades c\u00edvicas y culturales en el marco de la conmemoraci\u00f3n de los 113 a\u00f1os de la Revoluci\u00f3n Mexicana.<\/p>\n\n\n\n<p>Ataviados con trajes t\u00edpicos y portando s\u00edmbolos representativos de la Revoluci\u00f3n reflejaron su dedicaci\u00f3n y vitalidad en el desfile conmemorativo que se realiz\u00f3 el 20 de noviembre por la avenida Guerrero.<\/p>\n\n\n\n<p>Jos\u00e9 Luis Pintado Gamboa, director general del Sistema DIF inform\u00f3 que el contingente fue conformado por los alumnos de los talleres de Danza, Coro, entre otros.<\/p>\n\n\n\n<p>&#8220;Su participaci\u00f3n no solo conmemor\u00f3 un importante cap\u00edtulo de la historia mexicana, sino que tambi\u00e9n resalta la vitalidad y el entusiasmo de los alumnos de Casa Club del Adulto Activo. En el DIF nos llena de felicidad y orgullo verlos destacado en estos eventos&#8221; se\u00f1al\u00f3 Pintado Gamboa<\/p>\n\n\n\n<p>Los adultos activos tambi\u00e9n demostraron su pasi\u00f3n por celebrar la historia al llevar a cabo una kerm\u00e9s llena de color y alegr\u00eda en las instalaciones de Casa Club en la colonia Infonavit. Con entusiasmo y esmero presentaron n\u00fameros musicales, teatrales y de danza, as\u00ed como disfrutaron de los stands gastron\u00f3micos, con platillos t\u00edpicos.<\/p>\n","protected":false},"excerpt":{"rendered":"<p>Por: Staff | #NuevoLaredo #Tamaulipas Con talento y dedicaci\u00f3n alumnos de los diferentes talleres de Casa Club del Adulto Activo del Sistema para el Desarrollo Integral de la Familia (DIF) participaron en actividades c\u00edvicas y culturales en el marco de la conmemoraci\u00f3n de los 113 a\u00f1os de la Revoluci\u00f3n Mexicana. Ataviados con trajes t\u00edpicos y &hellip;<\/p>\n","protected":false},"author":1,"featured_media":4224,"comment_status":"open","ping_status":"open","sticky":false,"template":"","format":"standard","meta":{"footnotes":""},"categories":[38],"tags":[],"class_list":["post-4223","post","type-post","status-publish","format-standard","has-post-thumbnail","","category-nuevo-laredo"],"_links":{"self":[{"href":"https:\/\/www.radiointeractivo.com.mx\/index.php?rest_route=\/wp\/v2\/posts\/4223","targetHints":{"allow":["GET"]}}],"collection":[{"href":"https:\/\/www.radiointeractivo.com.mx\/index.php?rest_route=\/wp\/v2\/posts"}],"about":[{"href":"https:\/\/www.radiointeractivo.com.mx\/index.php?rest_route=\/wp\/v2\/types\/post"}],"author":[{"embeddable":true,"href":"https:\/\/www.radiointeractivo.com.mx\/index.php?rest_route=\/wp\/v2\/users\/1"}],"replies":[{"embeddable":true,"href":"https:\/\/www.radiointeractivo.com.mx\/index.php?rest_route=%2Fwp%2Fv2%2Fcomments&post=4223"}],"version-history":[{"count":1,"href":"https:\/\/www.radiointeractivo.com.mx\/index.php?rest_route=\/wp\/v2\/posts\/4223\/revisions"}],"predecessor-version":[{"id":4225,"href":"https:\/\/www.radiointeractivo.com.mx\/index.php?rest_route=\/wp\/v2\/posts\/4223\/revisions\/4225"}],"wp:featuredmedia":[{"embeddable":true,"href":"https:\/\/www.radiointeractivo.com.mx\/index.php?rest_route=\/wp\/v2\/media\/4224"}],"wp:attachment":[{"href":"https:\/\/www.radiointeractivo.com.mx\/index.php?rest_route=%2Fwp%2Fv2%2Fmedia&parent=4223"}],"wp:term":[{"taxonomy":"category","embeddable":true,"href":"https:\/\/www.radiointeractivo.com.mx\/index.php?rest_route=%2Fwp%2Fv2%2Fcategories&post=4223"},{"taxonomy":"post_tag","embeddable":true,"href":"https:\/\/www.radiointeractivo.com.mx\/index.php?rest_route=%2Fwp%2Fv2%2Ftags&post=4223"}],"curies":[{"name":"wp","href":"https:\/\/api.w.org\/{rel}","templated":true}]}}