{"id":4191,"date":"2023-11-20T14:48:59","date_gmt":"2023-11-20T20:48:59","guid":{"rendered":"https:\/\/www.radiointeractivo.com.mx\/?p=4191"},"modified":"2023-11-20T14:49:00","modified_gmt":"2023-11-20T20:49:00","slug":"torneo-internacional-de-pesca-2023-una-gran-organizacion-participacion-y-premiacion-olga-sosa","status":"publish","type":"post","link":"https:\/\/www.radiointeractivo.com.mx\/?p=4191","title":{"rendered":"Torneo Internacional de Pesca 2023 una gran organizaci\u00f3n, participaci\u00f3n y premiaci\u00f3n: Olga Sosa"},"content":{"rendered":"\n<figure class=\"wp-block-image size-large\"><img loading=\"lazy\" decoding=\"async\" width=\"1024\" height=\"683\" src=\"https:\/\/www.radiointeractivo.com.mx\/wp-content\/uploads\/2023\/11\/WhatsApp-Image-2023-11-20-at-12.48.14-PM-1024x683.jpeg\" alt=\"\" class=\"wp-image-4192\" srcset=\"https:\/\/www.radiointeractivo.com.mx\/wp-content\/uploads\/2023\/11\/WhatsApp-Image-2023-11-20-at-12.48.14-PM-1024x683.jpeg 1024w, https:\/\/www.radiointeractivo.com.mx\/wp-content\/uploads\/2023\/11\/WhatsApp-Image-2023-11-20-at-12.48.14-PM-300x200.jpeg 300w, https:\/\/www.radiointeractivo.com.mx\/wp-content\/uploads\/2023\/11\/WhatsApp-Image-2023-11-20-at-12.48.14-PM-768x512.jpeg 768w, https:\/\/www.radiointeractivo.com.mx\/wp-content\/uploads\/2023\/11\/WhatsApp-Image-2023-11-20-at-12.48.14-PM.jpeg 1392w\" sizes=\"auto, (max-width: 1024px) 100vw, 1024px\" \/><\/figure>\n\n\n\n<p>-En el 70 Aniversario del Club de tiro, caza y pesca Tamat\u00e1n, participan pescadores deportivos de Tamaulipas y estados vecinos<\/p>\n\n\n\n<p>Por: Agencias<\/p>\n\n\n\n<p>Soto la Marina, Tamaulipas.- En representaci\u00f3n del gobernador Am\u00e9rico Villarreal Anaya, la secretaria del Trabajo y Previsi\u00f3n Social de Tamaulipas, Olga Patricia Sosa Ru\u00edz, comparti\u00f3 un mensaje de reconocimiento a por su gran labor a los participantes del Torneo Internacional de Pesca 2023 \u201cIngeniero Am\u00e9rico Villarreal Guerra\u201d celebrado en La Pesca, Soto La Marina, organizado por la Comisi\u00f3n de Caza y Pesca deportiva, as\u00ed como del Club Deportivo de tiro, caza y pesca Tamat\u00e1n.<\/p>\n\n\n\n<p>Al hacer uso de la palabra, Olga Sosa Ru\u00edz se\u00f1al\u00f3 que el &#8220;Torneo de Pesca Am\u00e9rico Villarreal Guerra&#8221; es uno de los m\u00e1s significativos eventos en el estado y conmemora el 70 aniversario del Club Deportivo de tiro, caza y pesca Tamat\u00e1n, adem\u00e1s resalt\u00f3 la organizaci\u00f3n por reunir a m\u00e1s de 2 mil pescadores y a los ganadores, entregar premios significativos.<\/p>\n\n\n\n<p>La secretaria del Trabajo dio la bienvenida a las autoridades presentes, entre ellos el secretario general de Gobierno, H\u00e9ctor Joel Villegas Gonz\u00e1lez; la secretaria de Desarrollo Urbano y Medio Ambiente, Karina Lizeth Sald\u00edvar Lartigue, as\u00ed como a Am\u00e9rico Villarreal Santiago, en representaci\u00f3n de la familia Villarreal Guerra y a Luis Eduardo Garc\u00eda Reyes, vocal ejecutivo de la Comisi\u00f3n de Caza y Pesca Deportiva de Tamaulipas, as\u00ed como presidente del Club Deportivo de tiro, caza y pesca Tamat\u00e1n.<\/p>\n\n\n\n<p>&#8220;Nos honra estar en este evento de gran tradici\u00f3n que impulsa el gobierno del doctor Am\u00e9rico Villarreal Anaya, gobernador de Tamaulipas y en el cual quiero entregarles un saludo cordial, porque dentro de las actividades de las familias tamaulipecas, nos hemos dado para vivir nuestros momentos de recreaci\u00f3n, este importante Club de Tiro, caza y pesca Tamat\u00e1n&#8221; representa una de las instituciones de limpia trayectoria y fraternal convivencia familiar&#8221; se\u00f1al\u00f3 la secretaria del Trabajo y Previsi\u00f3n Social.<\/p>\n\n\n\n<p>Olga Sosa Ru\u00edz felicit\u00f3 a los participantes de este torneo, as\u00ed como a los que resultaron premiados en las diversas categor\u00edas, porque estas actividades fortalecen la convivencia familiar y atraen a m\u00e1s personas a participar en la riqueza que ofrece Tamaulipas.<\/p>\n","protected":false},"excerpt":{"rendered":"<p>-En el 70 Aniversario del Club de tiro, caza y pesca Tamat\u00e1n, participan pescadores deportivos de Tamaulipas y estados vecinos Por: Agencias Soto la Marina, Tamaulipas.- En representaci\u00f3n del gobernador Am\u00e9rico Villarreal Anaya, la secretaria del Trabajo y Previsi\u00f3n Social de Tamaulipas, Olga Patricia Sosa Ru\u00edz, comparti\u00f3 un mensaje de reconocimiento a por su gran &hellip;<\/p>\n","protected":false},"author":1,"featured_media":4192,"comment_status":"open","ping_status":"open","sticky":false,"template":"","format":"standard","meta":{"footnotes":""},"categories":[39],"tags":[],"class_list":["post-4191","post","type-post","status-publish","format-standard","has-post-thumbnail","","category-tamaulipas"],"_links":{"self":[{"href":"https:\/\/www.radiointeractivo.com.mx\/index.php?rest_route=\/wp\/v2\/posts\/4191","targetHints":{"allow":["GET"]}}],"collection":[{"href":"https:\/\/www.radiointeractivo.com.mx\/index.php?rest_route=\/wp\/v2\/posts"}],"about":[{"href":"https:\/\/www.radiointeractivo.com.mx\/index.php?rest_route=\/wp\/v2\/types\/post"}],"author":[{"embeddable":true,"href":"https:\/\/www.radiointeractivo.com.mx\/index.php?rest_route=\/wp\/v2\/users\/1"}],"replies":[{"embeddable":true,"href":"https:\/\/www.radiointeractivo.com.mx\/index.php?rest_route=%2Fwp%2Fv2%2Fcomments&post=4191"}],"version-history":[{"count":1,"href":"https:\/\/www.radiointeractivo.com.mx\/index.php?rest_route=\/wp\/v2\/posts\/4191\/revisions"}],"predecessor-version":[{"id":4193,"href":"https:\/\/www.radiointeractivo.com.mx\/index.php?rest_route=\/wp\/v2\/posts\/4191\/revisions\/4193"}],"wp:featuredmedia":[{"embeddable":true,"href":"https:\/\/www.radiointeractivo.com.mx\/index.php?rest_route=\/wp\/v2\/media\/4192"}],"wp:attachment":[{"href":"https:\/\/www.radiointeractivo.com.mx\/index.php?rest_route=%2Fwp%2Fv2%2Fmedia&parent=4191"}],"wp:term":[{"taxonomy":"category","embeddable":true,"href":"https:\/\/www.radiointeractivo.com.mx\/index.php?rest_route=%2Fwp%2Fv2%2Fcategories&post=4191"},{"taxonomy":"post_tag","embeddable":true,"href":"https:\/\/www.radiointeractivo.com.mx\/index.php?rest_route=%2Fwp%2Fv2%2Ftags&post=4191"}],"curies":[{"name":"wp","href":"https:\/\/api.w.org\/{rel}","templated":true}]}}