{"id":4093,"date":"2023-11-16T14:27:45","date_gmt":"2023-11-16T20:27:45","guid":{"rendered":"https:\/\/www.radiointeractivo.com.mx\/?p=4093"},"modified":"2023-11-16T14:27:46","modified_gmt":"2023-11-16T20:27:46","slug":"celebra-usjt-dia-del-criminologo-con-conferencias-y-talleres","status":"publish","type":"post","link":"https:\/\/www.radiointeractivo.com.mx\/?p=4093","title":{"rendered":"Celebra USJT \u201cD\u00eda del Crimin\u00f3logo\u201d con conferencias y talleres"},"content":{"rendered":"\n<figure class=\"wp-block-image size-large\"><img loading=\"lazy\" decoding=\"async\" width=\"1024\" height=\"768\" src=\"https:\/\/www.radiointeractivo.com.mx\/wp-content\/uploads\/2023\/11\/WhatsApp-Image-2023-11-16-at-1.16.05-PM-1024x768.jpeg\" alt=\"\" class=\"wp-image-4094\" srcset=\"https:\/\/www.radiointeractivo.com.mx\/wp-content\/uploads\/2023\/11\/WhatsApp-Image-2023-11-16-at-1.16.05-PM-1024x768.jpeg 1024w, https:\/\/www.radiointeractivo.com.mx\/wp-content\/uploads\/2023\/11\/WhatsApp-Image-2023-11-16-at-1.16.05-PM-300x225.jpeg 300w, https:\/\/www.radiointeractivo.com.mx\/wp-content\/uploads\/2023\/11\/WhatsApp-Image-2023-11-16-at-1.16.05-PM-768x576.jpeg 768w, https:\/\/www.radiointeractivo.com.mx\/wp-content\/uploads\/2023\/11\/WhatsApp-Image-2023-11-16-at-1.16.05-PM-1536x1152.jpeg 1536w, https:\/\/www.radiointeractivo.com.mx\/wp-content\/uploads\/2023\/11\/WhatsApp-Image-2023-11-16-at-1.16.05-PM.jpeg 1600w\" sizes=\"auto, (max-width: 1024px) 100vw, 1024px\" \/><\/figure>\n\n\n\n<ul class=\"wp-block-list\">\n<li>El crimin\u00f3logo representa la figura esencial para que el \u00f3rgano jurisdiccional puede tomar las mejores decisiones relacionadas con la justicia en la sociedad<\/li>\n<\/ul>\n\n\n\n<p>Por: Agencias <\/p>\n\n\n\n<p>Ciudad Victoria, Tamaulipas. &#8211; En reconocimiento a la figura del crimin\u00f3logo, la cual representa el factor de diferencia para alcanzar la justicia en favor de la sociedad, la Universidad de Seguridad y Justicia de Tamaulipas realiz\u00f3 una serie de actividades con motivo del \u201cD\u00eda del Crimin\u00f3logo\u201d.<\/p>\n\n\n\n<p>Ante la presencia de destacados ponentes y alumnos, el rector de la USJT reconoci\u00f3 la decisi\u00f3n de los estudiantes por cursar esta carrera que implica la adquisici\u00f3n de conocimientos e implementaci\u00f3n de diversas t\u00e9cnicas para llegar a la verdad de los hechos.<\/p>\n\n\n\n<p>\u201cUstedes han elegido tomar como camino de vida esta licenciatura; la cual es trascendental para muchas familias; nunca pierdan de vista su objetividad y el an\u00e1lisis de los hechos, la imparcialidad y el desarrollo de las conductas antisociales, a fin de que sea una gran contribuci\u00f3n para que el \u00f3rgano jurisdiccional pueda tomar las mejores decisiones\u201d.<\/p>\n\n\n\n<p>El rector destac\u00f3 la buena relaci\u00f3n entre la instituci\u00f3n que dirige y la Fiscal\u00eda General de Justicia de Tamaulipas (FGJT), con la cual se han desarrollado esquemas de pr\u00e1ctica y conocimiento real.<\/p>\n\n\n\n<p>El programa de actividades comprendi\u00f3 el curso- taller \u201cPerfilaci\u00f3n Criminal en el Lugar de Intervenci\u00f3n\u201d, a cargo del maestro Oscar Edgardo Ortiz Garc\u00eda, as\u00ed como el curso \u2013 taller denominado \u201cIntervenci\u00f3n del Perito en un Hecho de Tr\u00e1nsito Terrestre\u201d a cargo del ingeniero Ren\u00e9 Ortiz Camacho.<\/p>\n\n\n\n<p>Se impartir\u00e1 tambi\u00e9n el curso taller de Lofoscopia Necrodactilia cargo del licenciado Carlos Villa L\u00f3pez.<\/p>\n","protected":false},"excerpt":{"rendered":"<p>El crimin\u00f3logo representa la figura esencial para que el \u00f3rgano jurisdiccional puede tomar las mejores decisiones relacionadas con la justicia en la sociedad Por: Agencias Ciudad Victoria, Tamaulipas. &#8211; En reconocimiento a la figura del crimin\u00f3logo, la cual representa el factor de diferencia para alcanzar la justicia en favor de la sociedad, la Universidad de &hellip;<\/p>\n","protected":false},"author":1,"featured_media":4094,"comment_status":"open","ping_status":"open","sticky":false,"template":"","format":"standard","meta":{"footnotes":""},"categories":[39],"tags":[],"class_list":["post-4093","post","type-post","status-publish","format-standard","has-post-thumbnail","","category-tamaulipas"],"_links":{"self":[{"href":"https:\/\/www.radiointeractivo.com.mx\/index.php?rest_route=\/wp\/v2\/posts\/4093","targetHints":{"allow":["GET"]}}],"collection":[{"href":"https:\/\/www.radiointeractivo.com.mx\/index.php?rest_route=\/wp\/v2\/posts"}],"about":[{"href":"https:\/\/www.radiointeractivo.com.mx\/index.php?rest_route=\/wp\/v2\/types\/post"}],"author":[{"embeddable":true,"href":"https:\/\/www.radiointeractivo.com.mx\/index.php?rest_route=\/wp\/v2\/users\/1"}],"replies":[{"embeddable":true,"href":"https:\/\/www.radiointeractivo.com.mx\/index.php?rest_route=%2Fwp%2Fv2%2Fcomments&post=4093"}],"version-history":[{"count":1,"href":"https:\/\/www.radiointeractivo.com.mx\/index.php?rest_route=\/wp\/v2\/posts\/4093\/revisions"}],"predecessor-version":[{"id":4095,"href":"https:\/\/www.radiointeractivo.com.mx\/index.php?rest_route=\/wp\/v2\/posts\/4093\/revisions\/4095"}],"wp:featuredmedia":[{"embeddable":true,"href":"https:\/\/www.radiointeractivo.com.mx\/index.php?rest_route=\/wp\/v2\/media\/4094"}],"wp:attachment":[{"href":"https:\/\/www.radiointeractivo.com.mx\/index.php?rest_route=%2Fwp%2Fv2%2Fmedia&parent=4093"}],"wp:term":[{"taxonomy":"category","embeddable":true,"href":"https:\/\/www.radiointeractivo.com.mx\/index.php?rest_route=%2Fwp%2Fv2%2Fcategories&post=4093"},{"taxonomy":"post_tag","embeddable":true,"href":"https:\/\/www.radiointeractivo.com.mx\/index.php?rest_route=%2Fwp%2Fv2%2Ftags&post=4093"}],"curies":[{"name":"wp","href":"https:\/\/api.w.org\/{rel}","templated":true}]}}