{"id":4054,"date":"2023-11-15T16:49:51","date_gmt":"2023-11-15T22:49:51","guid":{"rendered":"https:\/\/www.radiointeractivo.com.mx\/?p=4054"},"modified":"2023-11-15T16:52:36","modified_gmt":"2023-11-15T22:52:36","slug":"participa-sedener-en-el-foro-las-geociencias-el-futuro-de-mexico-en-el-tecnologico-de-ciudad-madero","status":"publish","type":"post","link":"https:\/\/www.radiointeractivo.com.mx\/?p=4054","title":{"rendered":"Participa SEDENER en el foro \u201cLas Geociencias, el futuro de M\u00e9xico\u201d en el Tecnol\u00f3gico de Ciudad Madero"},"content":{"rendered":"\n<figure class=\"wp-block-image size-large\"><img loading=\"lazy\" decoding=\"async\" width=\"1024\" height=\"683\" src=\"https:\/\/www.radiointeractivo.com.mx\/wp-content\/uploads\/2023\/11\/WhatsApp-Image-2023-11-15-at-4.05.53-PM-1024x683.jpeg\" alt=\"\" class=\"wp-image-4055\" srcset=\"https:\/\/www.radiointeractivo.com.mx\/wp-content\/uploads\/2023\/11\/WhatsApp-Image-2023-11-15-at-4.05.53-PM-1024x683.jpeg 1024w, https:\/\/www.radiointeractivo.com.mx\/wp-content\/uploads\/2023\/11\/WhatsApp-Image-2023-11-15-at-4.05.53-PM-300x200.jpeg 300w, https:\/\/www.radiointeractivo.com.mx\/wp-content\/uploads\/2023\/11\/WhatsApp-Image-2023-11-15-at-4.05.53-PM-768x512.jpeg 768w, https:\/\/www.radiointeractivo.com.mx\/wp-content\/uploads\/2023\/11\/WhatsApp-Image-2023-11-15-at-4.05.53-PM.jpeg 1280w\" sizes=\"auto, (max-width: 1024px) 100vw, 1024px\" \/><\/figure>\n\n\n\n<p>Por: Agencias <\/p>\n\n\n\n<p>Ciudad Madero, Tamaulipas. &#8211; Para seguir fomentando la innovaci\u00f3n energ\u00e9tica en las futuras generaciones, la Secretar\u00eda de Desarrollo Energ\u00e9tico del estado particip\u00f3 con una ponencia magistral en el foro \u201cLas Geociencias, el futuro de M\u00e9xico\u201d en el Instituto Tecnol\u00f3gico de Ciudad Madero.<\/p>\n\n\n\n<p>Esta pl\u00e1tica fue impartida por el secretario Jos\u00e9 Ram\u00f3n Silva el cual present\u00f3 el \u201cPrograma energ\u00e9tico en el estado de Tamaulipas\u201d, mencionando los proyectos estrat\u00e9gicos en marcha junto a sus inversiones hist\u00f3ricas dentro de la administraci\u00f3n del gobernador Am\u00e9rico Villarreal Anaya, las cuales posicionan a Tamaulipas como el estado n\u00famero uno en el sector energ\u00e9tico del pa\u00eds.<\/p>\n\n\n\n<p>En este espacio, Ram\u00f3n Silva Arizabalo, invit\u00f3 a las y los estudiantes a prepararse y a sumarse a la cartera de proyectos, recordando que las puertas de la Secretar\u00eda de Desarrollo Energ\u00e9tico est\u00e1n abiertas para todas y todos.<\/p>\n\n\n\n<p>El director de este plantel, Luciano Aguilera V\u00e1zquez reconoci\u00f3 la gran labor que hace el Gobierno del Estado dentro de esta rama, y felicit\u00f3 al secretario por seguir fomentando los valores acad\u00e9micos, y por su ponencia para los estudiantes de la carrera de geociencias.<\/p>\n","protected":false},"excerpt":{"rendered":"<p>Por: Agencias Ciudad Madero, Tamaulipas. &#8211; Para seguir fomentando la innovaci\u00f3n energ\u00e9tica en las futuras generaciones, la Secretar\u00eda de Desarrollo Energ\u00e9tico del estado particip\u00f3 con una ponencia magistral en el foro \u201cLas Geociencias, el futuro de M\u00e9xico\u201d en el Instituto Tecnol\u00f3gico de Ciudad Madero. Esta pl\u00e1tica fue impartida por el secretario Jos\u00e9 Ram\u00f3n Silva el &hellip;<\/p>\n","protected":false},"author":1,"featured_media":4055,"comment_status":"open","ping_status":"open","sticky":false,"template":"","format":"standard","meta":{"footnotes":""},"categories":[39],"tags":[],"class_list":["post-4054","post","type-post","status-publish","format-standard","has-post-thumbnail","","category-tamaulipas"],"_links":{"self":[{"href":"https:\/\/www.radiointeractivo.com.mx\/index.php?rest_route=\/wp\/v2\/posts\/4054","targetHints":{"allow":["GET"]}}],"collection":[{"href":"https:\/\/www.radiointeractivo.com.mx\/index.php?rest_route=\/wp\/v2\/posts"}],"about":[{"href":"https:\/\/www.radiointeractivo.com.mx\/index.php?rest_route=\/wp\/v2\/types\/post"}],"author":[{"embeddable":true,"href":"https:\/\/www.radiointeractivo.com.mx\/index.php?rest_route=\/wp\/v2\/users\/1"}],"replies":[{"embeddable":true,"href":"https:\/\/www.radiointeractivo.com.mx\/index.php?rest_route=%2Fwp%2Fv2%2Fcomments&post=4054"}],"version-history":[{"count":1,"href":"https:\/\/www.radiointeractivo.com.mx\/index.php?rest_route=\/wp\/v2\/posts\/4054\/revisions"}],"predecessor-version":[{"id":4056,"href":"https:\/\/www.radiointeractivo.com.mx\/index.php?rest_route=\/wp\/v2\/posts\/4054\/revisions\/4056"}],"wp:featuredmedia":[{"embeddable":true,"href":"https:\/\/www.radiointeractivo.com.mx\/index.php?rest_route=\/wp\/v2\/media\/4055"}],"wp:attachment":[{"href":"https:\/\/www.radiointeractivo.com.mx\/index.php?rest_route=%2Fwp%2Fv2%2Fmedia&parent=4054"}],"wp:term":[{"taxonomy":"category","embeddable":true,"href":"https:\/\/www.radiointeractivo.com.mx\/index.php?rest_route=%2Fwp%2Fv2%2Fcategories&post=4054"},{"taxonomy":"post_tag","embeddable":true,"href":"https:\/\/www.radiointeractivo.com.mx\/index.php?rest_route=%2Fwp%2Fv2%2Ftags&post=4054"}],"curies":[{"name":"wp","href":"https:\/\/api.w.org\/{rel}","templated":true}]}}