{"id":4038,"date":"2023-11-15T14:49:07","date_gmt":"2023-11-15T20:49:07","guid":{"rendered":"https:\/\/www.radiointeractivo.com.mx\/?p=4038"},"modified":"2023-11-15T14:49:08","modified_gmt":"2023-11-15T20:49:08","slug":"previene-consejo-municipal-de-proteccion-civil-riesgos-por-temporada-invernal","status":"publish","type":"post","link":"https:\/\/www.radiointeractivo.com.mx\/?p=4038","title":{"rendered":"PREVIENE CONSEJO MUNICIPAL DE PROTECCI\u00d3N CIVIL RIESGOS POR TEMPORADA INVERNAL"},"content":{"rendered":"\n<figure class=\"wp-block-image size-large\"><img loading=\"lazy\" decoding=\"async\" width=\"1024\" height=\"682\" src=\"https:\/\/www.radiointeractivo.com.mx\/wp-content\/uploads\/2023\/11\/PC-1024x682.jpg\" alt=\"\" class=\"wp-image-4039\" srcset=\"https:\/\/www.radiointeractivo.com.mx\/wp-content\/uploads\/2023\/11\/PC-1024x682.jpg 1024w, https:\/\/www.radiointeractivo.com.mx\/wp-content\/uploads\/2023\/11\/PC-300x200.jpg 300w, https:\/\/www.radiointeractivo.com.mx\/wp-content\/uploads\/2023\/11\/PC-768x512.jpg 768w, https:\/\/www.radiointeractivo.com.mx\/wp-content\/uploads\/2023\/11\/PC-1536x1023.jpg 1536w, https:\/\/www.radiointeractivo.com.mx\/wp-content\/uploads\/2023\/11\/PC-310x205.jpg 310w, https:\/\/www.radiointeractivo.com.mx\/wp-content\/uploads\/2023\/11\/PC.jpg 1600w\" sizes=\"auto, (max-width: 1024px) 100vw, 1024px\" \/><\/figure>\n\n\n\n<p>Por: Staff | #NuevoLaredo #Tamaulipas<\/p>\n\n\n\n<p>Con la finalidad de establecer medidas preventivas para la temporada invernal 2023-2024, los 79 miembros que conforman el Consejo Municipal de Protecci\u00f3n Civil se reunieron para concretar y proyectar estrategias y garantizar el bienestar de los neolaredenses.<\/p>\n\n\n\n<p>En representaci\u00f3n de la alcaldesa Carmen Lilia Canturosas Villarreal, asisti\u00f3 el secretario del Ayuntamiento, Rolando Mart\u00edn Guevara Gonz\u00e1lez, quien agradeci\u00f3 la presencia de los asistentes y su compromiso con la seguridad de la ciudadan\u00eda.<\/p>\n\n\n\n<p>Por su parte, el director municipal de Protecci\u00f3n Civil y Bomberos (DPCyB), Humberto Fern\u00e1ndez D\u00edez de Pinos, inform\u00f3 que la temporada de ciclones y huracanes termina este 30 de noviembre, por lo que esta sesi\u00f3n contempla la preparaci\u00f3n para la temporada invernal.<\/p>\n\n\n\n<p>\u201cTenemos que seguir con esta colaboraci\u00f3n junto a las instituciones, organismos y organizaciones que est\u00e1n adheridas a este consejo porque la prevenci\u00f3n y participaci\u00f3n ante alg\u00fan fen\u00f3meno es fundamental, debemos estar preparados y con estas reuniones estamos en alerta ante las inclemencias del clima\u201d, asegur\u00f3.<\/p>\n\n\n\n<p>Recalc\u00f3 que gracias a las inversiones en los colectores pluviales y drenajes sanitarios se ha favorecido la limpieza de los drenes naturales de la ciudad que a su vez han impactado en disminuir sus niveles de riesgo debido a que no incrementan su nivel por obstrucciones.<\/p>\n\n\n\n<p>En la reuni\u00f3n participaron autoridades municipales y federales, representantes del sector privado, asociaciones civiles, Guardia Estatal y Municipal, as\u00ed como militares.<\/p>\n","protected":false},"excerpt":{"rendered":"<p>Por: Staff | #NuevoLaredo #Tamaulipas Con la finalidad de establecer medidas preventivas para la temporada invernal 2023-2024, los 79 miembros que conforman el Consejo Municipal de Protecci\u00f3n Civil se reunieron para concretar y proyectar estrategias y garantizar el bienestar de los neolaredenses. En representaci\u00f3n de la alcaldesa Carmen Lilia Canturosas Villarreal, asisti\u00f3 el secretario del &hellip;<\/p>\n","protected":false},"author":1,"featured_media":4039,"comment_status":"open","ping_status":"open","sticky":false,"template":"","format":"standard","meta":{"footnotes":""},"categories":[38],"tags":[],"class_list":["post-4038","post","type-post","status-publish","format-standard","has-post-thumbnail","","category-nuevo-laredo"],"_links":{"self":[{"href":"https:\/\/www.radiointeractivo.com.mx\/index.php?rest_route=\/wp\/v2\/posts\/4038","targetHints":{"allow":["GET"]}}],"collection":[{"href":"https:\/\/www.radiointeractivo.com.mx\/index.php?rest_route=\/wp\/v2\/posts"}],"about":[{"href":"https:\/\/www.radiointeractivo.com.mx\/index.php?rest_route=\/wp\/v2\/types\/post"}],"author":[{"embeddable":true,"href":"https:\/\/www.radiointeractivo.com.mx\/index.php?rest_route=\/wp\/v2\/users\/1"}],"replies":[{"embeddable":true,"href":"https:\/\/www.radiointeractivo.com.mx\/index.php?rest_route=%2Fwp%2Fv2%2Fcomments&post=4038"}],"version-history":[{"count":1,"href":"https:\/\/www.radiointeractivo.com.mx\/index.php?rest_route=\/wp\/v2\/posts\/4038\/revisions"}],"predecessor-version":[{"id":4040,"href":"https:\/\/www.radiointeractivo.com.mx\/index.php?rest_route=\/wp\/v2\/posts\/4038\/revisions\/4040"}],"wp:featuredmedia":[{"embeddable":true,"href":"https:\/\/www.radiointeractivo.com.mx\/index.php?rest_route=\/wp\/v2\/media\/4039"}],"wp:attachment":[{"href":"https:\/\/www.radiointeractivo.com.mx\/index.php?rest_route=%2Fwp%2Fv2%2Fmedia&parent=4038"}],"wp:term":[{"taxonomy":"category","embeddable":true,"href":"https:\/\/www.radiointeractivo.com.mx\/index.php?rest_route=%2Fwp%2Fv2%2Fcategories&post=4038"},{"taxonomy":"post_tag","embeddable":true,"href":"https:\/\/www.radiointeractivo.com.mx\/index.php?rest_route=%2Fwp%2Fv2%2Ftags&post=4038"}],"curies":[{"name":"wp","href":"https:\/\/api.w.org\/{rel}","templated":true}]}}