{"id":4029,"date":"2023-11-15T13:21:04","date_gmt":"2023-11-15T19:21:04","guid":{"rendered":"https:\/\/www.radiointeractivo.com.mx\/?p=4029"},"modified":"2023-11-15T13:21:05","modified_gmt":"2023-11-15T19:21:05","slug":"arranca-buu-en-el-zoo-el-recorrido-mas-espeluznante","status":"publish","type":"post","link":"https:\/\/www.radiointeractivo.com.mx\/?p=4029","title":{"rendered":"Arranca \u201cBuu en el Zoo\u201d, el recorrido m\u00e1s espeluznante"},"content":{"rendered":"\n<figure class=\"wp-block-image size-large\"><img loading=\"lazy\" decoding=\"async\" width=\"1024\" height=\"768\" src=\"https:\/\/www.radiointeractivo.com.mx\/wp-content\/uploads\/2023\/11\/WhatsApp-Image-2023-11-15-at-10.45.53-AM-1024x768.jpeg\" alt=\"\" class=\"wp-image-4030\" srcset=\"https:\/\/www.radiointeractivo.com.mx\/wp-content\/uploads\/2023\/11\/WhatsApp-Image-2023-11-15-at-10.45.53-AM-1024x768.jpeg 1024w, https:\/\/www.radiointeractivo.com.mx\/wp-content\/uploads\/2023\/11\/WhatsApp-Image-2023-11-15-at-10.45.53-AM-300x225.jpeg 300w, https:\/\/www.radiointeractivo.com.mx\/wp-content\/uploads\/2023\/11\/WhatsApp-Image-2023-11-15-at-10.45.53-AM-768x576.jpeg 768w, https:\/\/www.radiointeractivo.com.mx\/wp-content\/uploads\/2023\/11\/WhatsApp-Image-2023-11-15-at-10.45.53-AM-1536x1152.jpeg 1536w, https:\/\/www.radiointeractivo.com.mx\/wp-content\/uploads\/2023\/11\/WhatsApp-Image-2023-11-15-at-10.45.53-AM.jpeg 1600w\" sizes=\"auto, (max-width: 1024px) 100vw, 1024px\" \/><\/figure>\n\n\n\n<p>-Este viernes en el Zool\u00f3gico de Tamat\u00e1n, de Ciudad Victoria inicia organizado por la Comisi\u00f3n de Parques y Biodiversidad de Tamaulipas (CPBT)<\/p>\n\n\n\n<p>Noviembre 15 de 2023<\/p>\n\n\n\n<p>Ciudad Victoria, Tamaulipas.-La Comisi\u00f3n de Parques y Biodiversidad de Tamaulipas (CPBT) realizar\u00e1 los d\u00edas 17, 18 y 19 de noviembre \u201cBuu en el Zoo\u201d, un recorrido nocturno en el Zool\u00f3gico de Tamat\u00e1n de 7 de la tarde a 10 de la noche.<\/p>\n\n\n\n<p>Eduardo Rocha Orozco, vocal de la Comisi\u00f3n destac\u00f3 que en el recorrido participar\u00e1n decenas de hombres y mujeres, integrantes de una sociedad participativa y colaborativa.<\/p>\n\n\n\n<p>Refiri\u00f3 que habr\u00e1 una gran variedad de escenograf\u00edas y caracterizaciones de los seres m\u00e1s extra\u00f1os y terror\u00edficos, en fin ser\u00e1 una noche inolvidable.<\/p>\n\n\n\n<p>Indic\u00f3 que es una experiencia para compartir con los amigos, amigas o algunos familiares o para quienes gusten del suspenso y la emoci\u00f3n, excepto para personas que padezcan alguna afectaci\u00f3n del coraz\u00f3n.<\/p>\n\n\n\n<p>&#8220;As\u00ed que los invitamos a que disfruten del espect\u00e1culo que se desarrollar\u00e1 en el Zool\u00f3gico Tamat\u00e1n de Ciudad Victoria, donde tambi\u00e9n habr\u00e1 presentaci\u00f3n de m\u00fasica y muchas sorpresas m\u00e1s&#8221;, dijo.<\/p>\n\n\n\n<p>Adem\u00e1s, dijo que ya est\u00e1n preparando una nueva sorpresa navide\u00f1a en el Parque Recreativo Tamat\u00e1n, que ser\u00e1 un evento completamente familiar.<\/p>\n","protected":false},"excerpt":{"rendered":"<p>-Este viernes en el Zool\u00f3gico de Tamat\u00e1n, de Ciudad Victoria inicia organizado por la Comisi\u00f3n de Parques y Biodiversidad de Tamaulipas (CPBT) Noviembre 15 de 2023 Ciudad Victoria, Tamaulipas.-La Comisi\u00f3n de Parques y Biodiversidad de Tamaulipas (CPBT) realizar\u00e1 los d\u00edas 17, 18 y 19 de noviembre \u201cBuu en el Zoo\u201d, un recorrido nocturno en el &hellip;<\/p>\n","protected":false},"author":1,"featured_media":4030,"comment_status":"open","ping_status":"open","sticky":false,"template":"","format":"standard","meta":{"footnotes":""},"categories":[39],"tags":[],"class_list":["post-4029","post","type-post","status-publish","format-standard","has-post-thumbnail","","category-tamaulipas"],"_links":{"self":[{"href":"https:\/\/www.radiointeractivo.com.mx\/index.php?rest_route=\/wp\/v2\/posts\/4029","targetHints":{"allow":["GET"]}}],"collection":[{"href":"https:\/\/www.radiointeractivo.com.mx\/index.php?rest_route=\/wp\/v2\/posts"}],"about":[{"href":"https:\/\/www.radiointeractivo.com.mx\/index.php?rest_route=\/wp\/v2\/types\/post"}],"author":[{"embeddable":true,"href":"https:\/\/www.radiointeractivo.com.mx\/index.php?rest_route=\/wp\/v2\/users\/1"}],"replies":[{"embeddable":true,"href":"https:\/\/www.radiointeractivo.com.mx\/index.php?rest_route=%2Fwp%2Fv2%2Fcomments&post=4029"}],"version-history":[{"count":1,"href":"https:\/\/www.radiointeractivo.com.mx\/index.php?rest_route=\/wp\/v2\/posts\/4029\/revisions"}],"predecessor-version":[{"id":4031,"href":"https:\/\/www.radiointeractivo.com.mx\/index.php?rest_route=\/wp\/v2\/posts\/4029\/revisions\/4031"}],"wp:featuredmedia":[{"embeddable":true,"href":"https:\/\/www.radiointeractivo.com.mx\/index.php?rest_route=\/wp\/v2\/media\/4030"}],"wp:attachment":[{"href":"https:\/\/www.radiointeractivo.com.mx\/index.php?rest_route=%2Fwp%2Fv2%2Fmedia&parent=4029"}],"wp:term":[{"taxonomy":"category","embeddable":true,"href":"https:\/\/www.radiointeractivo.com.mx\/index.php?rest_route=%2Fwp%2Fv2%2Fcategories&post=4029"},{"taxonomy":"post_tag","embeddable":true,"href":"https:\/\/www.radiointeractivo.com.mx\/index.php?rest_route=%2Fwp%2Fv2%2Ftags&post=4029"}],"curies":[{"name":"wp","href":"https:\/\/api.w.org\/{rel}","templated":true}]}}