{"id":3949,"date":"2023-11-13T16:34:29","date_gmt":"2023-11-13T22:34:29","guid":{"rendered":"https:\/\/www.radiointeractivo.com.mx\/?p=3949"},"modified":"2023-11-13T16:34:30","modified_gmt":"2023-11-13T22:34:30","slug":"encabeza-gobernador-consejo-estatal-de-seguridad-publica-destaca-nuevo-laredo-por-su-buena-percepcion-en-materia-de-seguridad","status":"publish","type":"post","link":"https:\/\/www.radiointeractivo.com.mx\/?p=3949","title":{"rendered":"ENCABEZA GOBERNADOR CONSEJO ESTATAL DE SEGURIDAD P\u00daBLICA; DESTACA NUEVO LAREDO POR SU BUENA PERCEPCI\u00d3N EN MATERIA DE SEGURIDAD"},"content":{"rendered":"\n<figure class=\"wp-block-image size-large\"><img loading=\"lazy\" decoding=\"async\" width=\"1024\" height=\"682\" src=\"https:\/\/www.radiointeractivo.com.mx\/wp-content\/uploads\/2023\/11\/WhatsApp-Image-2023-11-13-at-4.22.19-PM-1024x682.jpeg\" alt=\"\" class=\"wp-image-3950\" srcset=\"https:\/\/www.radiointeractivo.com.mx\/wp-content\/uploads\/2023\/11\/WhatsApp-Image-2023-11-13-at-4.22.19-PM-1024x682.jpeg 1024w, https:\/\/www.radiointeractivo.com.mx\/wp-content\/uploads\/2023\/11\/WhatsApp-Image-2023-11-13-at-4.22.19-PM-300x200.jpeg 300w, https:\/\/www.radiointeractivo.com.mx\/wp-content\/uploads\/2023\/11\/WhatsApp-Image-2023-11-13-at-4.22.19-PM-768x512.jpeg 768w, https:\/\/www.radiointeractivo.com.mx\/wp-content\/uploads\/2023\/11\/WhatsApp-Image-2023-11-13-at-4.22.19-PM-1536x1023.jpeg 1536w, https:\/\/www.radiointeractivo.com.mx\/wp-content\/uploads\/2023\/11\/WhatsApp-Image-2023-11-13-at-4.22.19-PM-310x205.jpeg 310w, https:\/\/www.radiointeractivo.com.mx\/wp-content\/uploads\/2023\/11\/WhatsApp-Image-2023-11-13-at-4.22.19-PM.jpeg 1600w\" sizes=\"auto, (max-width: 1024px) 100vw, 1024px\" \/><\/figure>\n\n\n\n<p>Por: Staff | #NuevoLaredo #Tamaulipas<\/p>\n\n\n\n<p>Con la finalidad de brindar un Estado de confianza a los tamaulipecos, el gobernador de Tamaulipas, Am\u00e9rico Villarreal Anaya, instal\u00f3 el Consejo Estatal de Seguridad P\u00fablica con el que se trabajar\u00e1 para fortalecer las acciones y estrategias para el combate y prevenci\u00f3n del delito y la cultura de la denuncia.<\/p>\n\n\n\n<p>Ah\u00ed tambi\u00e9n tom\u00f3 protesta como consejera la presidenta municipal Carmen Lilia Canturosas Villarreal y los diferentes alcaldes tamaulipecos, sociedad civil, autoridades judiciales, policiales, del estado y militares.<\/p>\n\n\n\n<p>Despu\u00e9s de la conformaci\u00f3n de dicho consejo sostuvo su primera sesi\u00f3n ordinaria en la que plantearon los modelos a seguir para lograr un Estado con mejor percepci\u00f3n de la seguridad.<\/p>\n\n\n\n<p>En la reuni\u00f3n Villarreal Anaya, destac\u00f3 que en Nuevo Laredo existe una notable diferencia en cuanto a la percepci\u00f3n de inseguridad gracias al trabajo de los tres \u00f3rdenes de gobierno quienes han logrado mejorar el entorno social de esta ciudad fronteriza.<\/p>\n\n\n\n<p>\u201cDonde es notablemente el beneficio pues es en Nuevo Laredo una diferencia de percepci\u00f3n de seguridad hacia la poblaci\u00f3n entre un 15 y un 20 por ciento, que es muy significativamente estad\u00edstico para decir que se est\u00e1 incidiendo en esa situaci\u00f3n\u201d, resalt\u00f3 el gobernador.<\/p>\n\n\n\n<p>Dijo que tambi\u00e9n se mejor\u00f3 la percepci\u00f3n que los tamaulipecos tienen sobre las fuerzas de seguridad estatales y federales como Ej\u00e9rcito, Marina, Guardia Nacional y Guardia Estatal.<\/p>\n\n\n\n<p>\u201cPara lograr una mejor percepci\u00f3n de seguridad debemos construir la paz, como eventos culturales para reconstruir el tejido social de las familias, las mejoras de las instalaciones deportivas, culturales y espacios de atenci\u00f3n como los institutos dedicados a resoluci\u00f3n de problemas sociales, todo esto est\u00e1 enfocado a un ambiente sano y trabajaremos en ello\u201d, enfatiz\u00f3.<\/p>\n\n\n\n<p>Por su parte, la presidenta municipal se\u00f1al\u00f3 que gracias a las mesas de trabajo con autoridades de la seguridad p\u00fablica, as\u00ed como al trabajo del Gobierno Municipal por mejorar la calidad de vida de los ciudadanos con servicios y espacios p\u00fablicos dignos, los neolaredenses perciben una ciudad tranquila.<\/p>\n\n\n\n<p>\u201cEn Nuevo Laredo trabajamos para tener un municipio digno y pr\u00f3spero para la poblaci\u00f3n y sobre todo, dar una mejor ciudad a las generaciones venideras, cumplimos con nuestro compromiso de llevar bienestar a las familias y redoblaremos esfuerzos para continuar con este objetivo\u201d, apunt\u00f3.<\/p>\n\n\n\n<p>El Consejo Estatal de Seguridad P\u00fablica sesionar\u00e1 cada tres meses para conocer avances y proyectos que tengan la finalidad de mejorar la percepci\u00f3n en los tamaulipecos.<\/p>\n","protected":false},"excerpt":{"rendered":"<p>Por: Staff | #NuevoLaredo #Tamaulipas Con la finalidad de brindar un Estado de confianza a los tamaulipecos, el gobernador de Tamaulipas, Am\u00e9rico Villarreal Anaya, instal\u00f3 el Consejo Estatal de Seguridad P\u00fablica con el que se trabajar\u00e1 para fortalecer las acciones y estrategias para el combate y prevenci\u00f3n del delito y la cultura de la denuncia. &hellip;<\/p>\n","protected":false},"author":1,"featured_media":3950,"comment_status":"open","ping_status":"open","sticky":false,"template":"","format":"standard","meta":{"footnotes":""},"categories":[38],"tags":[],"class_list":["post-3949","post","type-post","status-publish","format-standard","has-post-thumbnail","","category-nuevo-laredo"],"_links":{"self":[{"href":"https:\/\/www.radiointeractivo.com.mx\/index.php?rest_route=\/wp\/v2\/posts\/3949","targetHints":{"allow":["GET"]}}],"collection":[{"href":"https:\/\/www.radiointeractivo.com.mx\/index.php?rest_route=\/wp\/v2\/posts"}],"about":[{"href":"https:\/\/www.radiointeractivo.com.mx\/index.php?rest_route=\/wp\/v2\/types\/post"}],"author":[{"embeddable":true,"href":"https:\/\/www.radiointeractivo.com.mx\/index.php?rest_route=\/wp\/v2\/users\/1"}],"replies":[{"embeddable":true,"href":"https:\/\/www.radiointeractivo.com.mx\/index.php?rest_route=%2Fwp%2Fv2%2Fcomments&post=3949"}],"version-history":[{"count":1,"href":"https:\/\/www.radiointeractivo.com.mx\/index.php?rest_route=\/wp\/v2\/posts\/3949\/revisions"}],"predecessor-version":[{"id":3951,"href":"https:\/\/www.radiointeractivo.com.mx\/index.php?rest_route=\/wp\/v2\/posts\/3949\/revisions\/3951"}],"wp:featuredmedia":[{"embeddable":true,"href":"https:\/\/www.radiointeractivo.com.mx\/index.php?rest_route=\/wp\/v2\/media\/3950"}],"wp:attachment":[{"href":"https:\/\/www.radiointeractivo.com.mx\/index.php?rest_route=%2Fwp%2Fv2%2Fmedia&parent=3949"}],"wp:term":[{"taxonomy":"category","embeddable":true,"href":"https:\/\/www.radiointeractivo.com.mx\/index.php?rest_route=%2Fwp%2Fv2%2Fcategories&post=3949"},{"taxonomy":"post_tag","embeddable":true,"href":"https:\/\/www.radiointeractivo.com.mx\/index.php?rest_route=%2Fwp%2Fv2%2Ftags&post=3949"}],"curies":[{"name":"wp","href":"https:\/\/api.w.org\/{rel}","templated":true}]}}