{"id":3932,"date":"2023-11-13T15:20:51","date_gmt":"2023-11-13T21:20:51","guid":{"rendered":"https:\/\/www.radiointeractivo.com.mx\/?p=3932"},"modified":"2023-11-13T15:20:52","modified_gmt":"2023-11-13T21:20:52","slug":"continuan-actividades-de-cartelera-naranja-todo-listo-para-presentacion-de-la-obra-los-monologos-de-la-vagina","status":"publish","type":"post","link":"https:\/\/www.radiointeractivo.com.mx\/?p=3932","title":{"rendered":"CONTIN\u00daAN ACTIVIDADES DE CARTELERA NARANJA; TODO LISTO PARA PRESENTACI\u00d3N DE LA OBRA \u201cLOS MON\u00d3LOGOS DE LA VAGINA\u201d"},"content":{"rendered":"\n<figure class=\"wp-block-image size-large\"><img loading=\"lazy\" decoding=\"async\" width=\"1024\" height=\"663\" src=\"https:\/\/www.radiointeractivo.com.mx\/wp-content\/uploads\/2023\/11\/INMUJER-2-1024x663.jpg\" alt=\"\" class=\"wp-image-3933\" srcset=\"https:\/\/www.radiointeractivo.com.mx\/wp-content\/uploads\/2023\/11\/INMUJER-2-1024x663.jpg 1024w, https:\/\/www.radiointeractivo.com.mx\/wp-content\/uploads\/2023\/11\/INMUJER-2-300x194.jpg 300w, https:\/\/www.radiointeractivo.com.mx\/wp-content\/uploads\/2023\/11\/INMUJER-2-768x497.jpg 768w, https:\/\/www.radiointeractivo.com.mx\/wp-content\/uploads\/2023\/11\/INMUJER-2-1536x994.jpg 1536w, https:\/\/www.radiointeractivo.com.mx\/wp-content\/uploads\/2023\/11\/INMUJER-2.jpg 2048w\" sizes=\"auto, (max-width: 1024px) 100vw, 1024px\" \/><\/figure>\n\n\n\n<p>Por: Staff | #NuevoLaredo #Tamaulipas<\/p>\n\n\n\n<p>El teatro \u201cAdolfo L\u00f3pez Mateos\u201d ser\u00e1 la sede para que se lleve a cabo la obra de teatro \u201cLos Mon\u00f3logos de la Vagina\u201d, una puesta en escena que forma parte de la Cartelera Naranja por los 16 d\u00edas de activismo contra la violencia de g\u00e9nero que lleva a cabo el Gobierno Municipal a trav\u00e9s del Instituto Municipal de la Mujer (INMUJER).<\/p>\n\n\n\n<p>Esta obra, en la que participan las reconocidas actrices como Michelle Rodr\u00edguez, Raquel Garza y Dalilah Polanco se presentar\u00e1 este martes 14 de noviembre a las 7:00 PM, aunque la funci\u00f3n es gratuita, se requerir\u00e1 bolet\u00f3n para la entrada.<\/p>\n","protected":false},"excerpt":{"rendered":"<p>Por: Staff | #NuevoLaredo #Tamaulipas El teatro \u201cAdolfo L\u00f3pez Mateos\u201d ser\u00e1 la sede para que se lleve a cabo la obra de teatro \u201cLos Mon\u00f3logos de la Vagina\u201d, una puesta en escena que forma parte de la Cartelera Naranja por los 16 d\u00edas de activismo contra la violencia de g\u00e9nero que lleva a cabo el &hellip;<\/p>\n","protected":false},"author":1,"featured_media":3934,"comment_status":"open","ping_status":"open","sticky":false,"template":"","format":"standard","meta":{"footnotes":""},"categories":[38],"tags":[],"class_list":["post-3932","post","type-post","status-publish","format-standard","has-post-thumbnail","","category-nuevo-laredo"],"_links":{"self":[{"href":"https:\/\/www.radiointeractivo.com.mx\/index.php?rest_route=\/wp\/v2\/posts\/3932","targetHints":{"allow":["GET"]}}],"collection":[{"href":"https:\/\/www.radiointeractivo.com.mx\/index.php?rest_route=\/wp\/v2\/posts"}],"about":[{"href":"https:\/\/www.radiointeractivo.com.mx\/index.php?rest_route=\/wp\/v2\/types\/post"}],"author":[{"embeddable":true,"href":"https:\/\/www.radiointeractivo.com.mx\/index.php?rest_route=\/wp\/v2\/users\/1"}],"replies":[{"embeddable":true,"href":"https:\/\/www.radiointeractivo.com.mx\/index.php?rest_route=%2Fwp%2Fv2%2Fcomments&post=3932"}],"version-history":[{"count":1,"href":"https:\/\/www.radiointeractivo.com.mx\/index.php?rest_route=\/wp\/v2\/posts\/3932\/revisions"}],"predecessor-version":[{"id":3935,"href":"https:\/\/www.radiointeractivo.com.mx\/index.php?rest_route=\/wp\/v2\/posts\/3932\/revisions\/3935"}],"wp:featuredmedia":[{"embeddable":true,"href":"https:\/\/www.radiointeractivo.com.mx\/index.php?rest_route=\/wp\/v2\/media\/3934"}],"wp:attachment":[{"href":"https:\/\/www.radiointeractivo.com.mx\/index.php?rest_route=%2Fwp%2Fv2%2Fmedia&parent=3932"}],"wp:term":[{"taxonomy":"category","embeddable":true,"href":"https:\/\/www.radiointeractivo.com.mx\/index.php?rest_route=%2Fwp%2Fv2%2Fcategories&post=3932"},{"taxonomy":"post_tag","embeddable":true,"href":"https:\/\/www.radiointeractivo.com.mx\/index.php?rest_route=%2Fwp%2Fv2%2Ftags&post=3932"}],"curies":[{"name":"wp","href":"https:\/\/api.w.org\/{rel}","templated":true}]}}