{"id":3884,"date":"2023-11-11T15:46:49","date_gmt":"2023-11-11T21:46:49","guid":{"rendered":"https:\/\/www.radiointeractivo.com.mx\/?p=3884"},"modified":"2023-11-11T15:46:50","modified_gmt":"2023-11-11T21:46:50","slug":"fomenta-gobierno-municipal-actividades-familiares-con-baile-y-danzon","status":"publish","type":"post","link":"https:\/\/www.radiointeractivo.com.mx\/?p=3884","title":{"rendered":"FOMENTA GOBIERNO MUNICIPAL ACTIVIDADES FAMILIARES CON BAILE Y DANZ\u00d3N"},"content":{"rendered":"\n<figure class=\"wp-block-image size-large\"><img loading=\"lazy\" decoding=\"async\" width=\"1024\" height=\"682\" src=\"https:\/\/www.radiointeractivo.com.mx\/wp-content\/uploads\/2023\/11\/WhatsApp-Image-2023-11-11-at-3.20.41-PM-1024x682.jpeg\" alt=\"\" class=\"wp-image-3885\" srcset=\"https:\/\/www.radiointeractivo.com.mx\/wp-content\/uploads\/2023\/11\/WhatsApp-Image-2023-11-11-at-3.20.41-PM-1024x682.jpeg 1024w, https:\/\/www.radiointeractivo.com.mx\/wp-content\/uploads\/2023\/11\/WhatsApp-Image-2023-11-11-at-3.20.41-PM-300x200.jpeg 300w, https:\/\/www.radiointeractivo.com.mx\/wp-content\/uploads\/2023\/11\/WhatsApp-Image-2023-11-11-at-3.20.41-PM-768x512.jpeg 768w, https:\/\/www.radiointeractivo.com.mx\/wp-content\/uploads\/2023\/11\/WhatsApp-Image-2023-11-11-at-3.20.41-PM-310x205.jpeg 310w, https:\/\/www.radiointeractivo.com.mx\/wp-content\/uploads\/2023\/11\/WhatsApp-Image-2023-11-11-at-3.20.41-PM.jpeg 1280w\" sizes=\"auto, (max-width: 1024px) 100vw, 1024px\" \/><\/figure>\n\n\n\n<p>Por: Staff | #NuevoLaredo #Tamaulipas<\/p>\n\n\n\n<p>Como parte de las actividades para dar vida a los espacios p\u00fablicos de Nuevo Laredo, el Gobierno Municipal a trav\u00e9s de la Direcci\u00f3n de Turismo llev\u00f3 a cabo una edici\u00f3n m\u00e1s del programa \u201cBaile y Danz\u00f3n en la Sim\u00f3n\u201d, en el que se ofrece una velada divertida y familiar a los neolaredenses y visitantes.<\/p>\n\n\n\n<p>En esta ocasi\u00f3n, los asistentes disfrutaron de una presentaci\u00f3n art\u00edstica de la Centenaria Banda de M\u00fasica Municipal y diversos n\u00fameros de baile organizados por la Casa del Adulto Mayor Activo del Sistema para el Desarrollo Integral de la Familia (DIF).<\/p>\n\n\n\n<p>El director municipal de turismo, Felipe Flores Montemayor, destac\u00f3 que la alcaldesa Carmen Lilia Canturosas Villarreal impulsa la activaci\u00f3n de los espacios p\u00fablicos para que locales y for\u00e1neos se re\u00fanan a convivir sanamente.<\/p>\n\n\n\n<p>\u201cTenemos muchos lugares de esparcimiento en nuestra ciudad, donde los ciudadanos asisten y se divierten en familia, adem\u00e1s de que muchos espacios se rehabilitaron como lo es esta plaza Sim\u00f3n Bol\u00edvar para fortalecer la reconstrucci\u00f3n del tejido social de Nuevo Laredo y atraer turistas que vengan y disfruten del municipio\u201d, se\u00f1al\u00f3.<\/p>\n\n\n\n<p>El funcionario inform\u00f3 que las actividades que prepar\u00f3 la Direcci\u00f3n de Turismo para este fin de semana como \u201cEl Mercado y su Folclore\u201d junto al torneo de pesca \u201cPescando Corazones\u201d, ser\u00e1n pospuestos hasta nuevo aviso por cuestiones climatol\u00f3gicas.<\/p>\n","protected":false},"excerpt":{"rendered":"<p>Por: Staff | #NuevoLaredo #Tamaulipas Como parte de las actividades para dar vida a los espacios p\u00fablicos de Nuevo Laredo, el Gobierno Municipal a trav\u00e9s de la Direcci\u00f3n de Turismo llev\u00f3 a cabo una edici\u00f3n m\u00e1s del programa \u201cBaile y Danz\u00f3n en la Sim\u00f3n\u201d, en el que se ofrece una velada divertida y familiar a &hellip;<\/p>\n","protected":false},"author":1,"featured_media":3885,"comment_status":"open","ping_status":"open","sticky":false,"template":"","format":"standard","meta":{"footnotes":""},"categories":[38],"tags":[],"class_list":["post-3884","post","type-post","status-publish","format-standard","has-post-thumbnail","","category-nuevo-laredo"],"_links":{"self":[{"href":"https:\/\/www.radiointeractivo.com.mx\/index.php?rest_route=\/wp\/v2\/posts\/3884","targetHints":{"allow":["GET"]}}],"collection":[{"href":"https:\/\/www.radiointeractivo.com.mx\/index.php?rest_route=\/wp\/v2\/posts"}],"about":[{"href":"https:\/\/www.radiointeractivo.com.mx\/index.php?rest_route=\/wp\/v2\/types\/post"}],"author":[{"embeddable":true,"href":"https:\/\/www.radiointeractivo.com.mx\/index.php?rest_route=\/wp\/v2\/users\/1"}],"replies":[{"embeddable":true,"href":"https:\/\/www.radiointeractivo.com.mx\/index.php?rest_route=%2Fwp%2Fv2%2Fcomments&post=3884"}],"version-history":[{"count":1,"href":"https:\/\/www.radiointeractivo.com.mx\/index.php?rest_route=\/wp\/v2\/posts\/3884\/revisions"}],"predecessor-version":[{"id":3886,"href":"https:\/\/www.radiointeractivo.com.mx\/index.php?rest_route=\/wp\/v2\/posts\/3884\/revisions\/3886"}],"wp:featuredmedia":[{"embeddable":true,"href":"https:\/\/www.radiointeractivo.com.mx\/index.php?rest_route=\/wp\/v2\/media\/3885"}],"wp:attachment":[{"href":"https:\/\/www.radiointeractivo.com.mx\/index.php?rest_route=%2Fwp%2Fv2%2Fmedia&parent=3884"}],"wp:term":[{"taxonomy":"category","embeddable":true,"href":"https:\/\/www.radiointeractivo.com.mx\/index.php?rest_route=%2Fwp%2Fv2%2Fcategories&post=3884"},{"taxonomy":"post_tag","embeddable":true,"href":"https:\/\/www.radiointeractivo.com.mx\/index.php?rest_route=%2Fwp%2Fv2%2Ftags&post=3884"}],"curies":[{"name":"wp","href":"https:\/\/api.w.org\/{rel}","templated":true}]}}