{"id":3881,"date":"2023-11-11T14:43:14","date_gmt":"2023-11-11T20:43:14","guid":{"rendered":"https:\/\/www.radiointeractivo.com.mx\/?p=3881"},"modified":"2023-11-11T14:43:15","modified_gmt":"2023-11-11T20:43:15","slug":"llega-hasta-garza-valdez-la-brigada-transformando-familias-con-cientos-de-apoyos-del-dif-tamaulipas","status":"publish","type":"post","link":"https:\/\/www.radiointeractivo.com.mx\/?p=3881","title":{"rendered":"Llega hasta Garza Valdez la brigada \u201cTransformando Familias\u201d con cientos de apoyos del DIF Tamaulipas"},"content":{"rendered":"\n<figure class=\"wp-block-image size-large\"><img loading=\"lazy\" decoding=\"async\" width=\"1024\" height=\"682\" src=\"https:\/\/www.radiointeractivo.com.mx\/wp-content\/uploads\/2023\/11\/WhatsApp-Image-2023-11-11-at-1.08.13-PM-1024x682.jpeg\" alt=\"\" class=\"wp-image-3882\" srcset=\"https:\/\/www.radiointeractivo.com.mx\/wp-content\/uploads\/2023\/11\/WhatsApp-Image-2023-11-11-at-1.08.13-PM-1024x682.jpeg 1024w, https:\/\/www.radiointeractivo.com.mx\/wp-content\/uploads\/2023\/11\/WhatsApp-Image-2023-11-11-at-1.08.13-PM-300x200.jpeg 300w, https:\/\/www.radiointeractivo.com.mx\/wp-content\/uploads\/2023\/11\/WhatsApp-Image-2023-11-11-at-1.08.13-PM-768x512.jpeg 768w, https:\/\/www.radiointeractivo.com.mx\/wp-content\/uploads\/2023\/11\/WhatsApp-Image-2023-11-11-at-1.08.13-PM-1536x1023.jpeg 1536w, https:\/\/www.radiointeractivo.com.mx\/wp-content\/uploads\/2023\/11\/WhatsApp-Image-2023-11-11-at-1.08.13-PM-310x205.jpeg 310w, https:\/\/www.radiointeractivo.com.mx\/wp-content\/uploads\/2023\/11\/WhatsApp-Image-2023-11-11-at-1.08.13-PM.jpeg 1600w\" sizes=\"auto, (max-width: 1024px) 100vw, 1024px\" \/><\/figure>\n\n\n\n<p>-M\u00e1s de 600 personas de 39 localidades del municipio, aprovecharon los productos y servicios que se ofrecieron<\/p>\n\n\n\n<p>Por: Agencias <\/p>\n\n\n\n<p>Villagr\u00e1n, Tamaulipas.- &#8220;Ten\u00edamos 15 a\u00f1os o m\u00e1s que no mir\u00e1bamos un beneficio como este, est\u00e1bamos olvidados, estamos muy agradecidos tanto con el apoyo del se\u00f1or gobernador como el de su esposa, por eso para m\u00ed esto es una cosa muy beneficiable\u201d, con esas palabras don Jaime Eleazar Ruiz Ju\u00e1rez del ejido Garza Valdez del municipio de Villagr\u00e1n, agradeci\u00f3 por traer hasta esta comunidad la brigada \u201cTransformando Familias\u201d del Sistema DIF Tamaulipas que preside la doctora Mar\u00eda de Villarreal, en donde se logr\u00f3 entregar apoyos asistenciales.<\/p>\n\n\n\n<p>Desde temprana hora, se instalaron los m\u00f3dulos proporcionando servicios de salud integral de la mujer, consulta dental, consulta m\u00e9dica general, medici\u00f3n de glucosa y presi\u00f3n arterial, asesor\u00eda jur\u00eddica, atenci\u00f3n ciudadana, corte de cabello, m\u00f3dulo de vacunaci\u00f3n, farmacia, entre otros, beneficiando a m\u00e1s de 600 personas de 39 localidades.<\/p>\n\n\n\n<p>\u201cVenimos a escuchar a la gente, que necesidades tienen, tenderles la mano para poder servirles y trabajar juntos en este gobierno humanista que encabeza nuestro gobernador Am\u00e9rico Villarreal Anaya; para nosotros los mensajeros de paz es un gusto estar aqu\u00ed con la gente que necesita y se acerca con nosotros para que la apoyemos\u201d, as\u00ed lo mencion\u00f3 Patricia Lara Ayala, directora general del Sistema DIF Tamaulipas.<\/p>\n","protected":false},"excerpt":{"rendered":"<p>-M\u00e1s de 600 personas de 39 localidades del municipio, aprovecharon los productos y servicios que se ofrecieron Por: Agencias Villagr\u00e1n, Tamaulipas.- &#8220;Ten\u00edamos 15 a\u00f1os o m\u00e1s que no mir\u00e1bamos un beneficio como este, est\u00e1bamos olvidados, estamos muy agradecidos tanto con el apoyo del se\u00f1or gobernador como el de su esposa, por eso para m\u00ed esto &hellip;<\/p>\n","protected":false},"author":1,"featured_media":3882,"comment_status":"open","ping_status":"open","sticky":false,"template":"","format":"standard","meta":{"footnotes":""},"categories":[39],"tags":[],"class_list":["post-3881","post","type-post","status-publish","format-standard","has-post-thumbnail","","category-tamaulipas"],"_links":{"self":[{"href":"https:\/\/www.radiointeractivo.com.mx\/index.php?rest_route=\/wp\/v2\/posts\/3881","targetHints":{"allow":["GET"]}}],"collection":[{"href":"https:\/\/www.radiointeractivo.com.mx\/index.php?rest_route=\/wp\/v2\/posts"}],"about":[{"href":"https:\/\/www.radiointeractivo.com.mx\/index.php?rest_route=\/wp\/v2\/types\/post"}],"author":[{"embeddable":true,"href":"https:\/\/www.radiointeractivo.com.mx\/index.php?rest_route=\/wp\/v2\/users\/1"}],"replies":[{"embeddable":true,"href":"https:\/\/www.radiointeractivo.com.mx\/index.php?rest_route=%2Fwp%2Fv2%2Fcomments&post=3881"}],"version-history":[{"count":1,"href":"https:\/\/www.radiointeractivo.com.mx\/index.php?rest_route=\/wp\/v2\/posts\/3881\/revisions"}],"predecessor-version":[{"id":3883,"href":"https:\/\/www.radiointeractivo.com.mx\/index.php?rest_route=\/wp\/v2\/posts\/3881\/revisions\/3883"}],"wp:featuredmedia":[{"embeddable":true,"href":"https:\/\/www.radiointeractivo.com.mx\/index.php?rest_route=\/wp\/v2\/media\/3882"}],"wp:attachment":[{"href":"https:\/\/www.radiointeractivo.com.mx\/index.php?rest_route=%2Fwp%2Fv2%2Fmedia&parent=3881"}],"wp:term":[{"taxonomy":"category","embeddable":true,"href":"https:\/\/www.radiointeractivo.com.mx\/index.php?rest_route=%2Fwp%2Fv2%2Fcategories&post=3881"},{"taxonomy":"post_tag","embeddable":true,"href":"https:\/\/www.radiointeractivo.com.mx\/index.php?rest_route=%2Fwp%2Fv2%2Ftags&post=3881"}],"curies":[{"name":"wp","href":"https:\/\/api.w.org\/{rel}","templated":true}]}}