{"id":3853,"date":"2023-11-10T18:41:15","date_gmt":"2023-11-11T00:41:15","guid":{"rendered":"https:\/\/www.radiointeractivo.com.mx\/?p=3853"},"modified":"2023-11-10T18:41:16","modified_gmt":"2023-11-11T00:41:16","slug":"impulsa-la-contraloria-gubernamental-la-transformacion-del-servicio-publico","status":"publish","type":"post","link":"https:\/\/www.radiointeractivo.com.mx\/?p=3853","title":{"rendered":"Impulsa la Contralor\u00eda Gubernamental la transformaci\u00f3n del servicio p\u00fablico"},"content":{"rendered":"\n<figure class=\"wp-block-image size-large\"><img loading=\"lazy\" decoding=\"async\" width=\"1024\" height=\"625\" src=\"https:\/\/www.radiointeractivo.com.mx\/wp-content\/uploads\/2023\/11\/WhatsApp-Image-2023-11-10-at-2.02.21-PM-1024x625.jpeg\" alt=\"\" class=\"wp-image-3854\" srcset=\"https:\/\/www.radiointeractivo.com.mx\/wp-content\/uploads\/2023\/11\/WhatsApp-Image-2023-11-10-at-2.02.21-PM-1024x625.jpeg 1024w, https:\/\/www.radiointeractivo.com.mx\/wp-content\/uploads\/2023\/11\/WhatsApp-Image-2023-11-10-at-2.02.21-PM-300x183.jpeg 300w, https:\/\/www.radiointeractivo.com.mx\/wp-content\/uploads\/2023\/11\/WhatsApp-Image-2023-11-10-at-2.02.21-PM-768x469.jpeg 768w, https:\/\/www.radiointeractivo.com.mx\/wp-content\/uploads\/2023\/11\/WhatsApp-Image-2023-11-10-at-2.02.21-PM-1536x938.jpeg 1536w, https:\/\/www.radiointeractivo.com.mx\/wp-content\/uploads\/2023\/11\/WhatsApp-Image-2023-11-10-at-2.02.21-PM.jpeg 1600w\" sizes=\"auto, (max-width: 1024px) 100vw, 1024px\" \/><\/figure>\n\n\n\n<p>-La capacitaci\u00f3n contribuye a la evoluci\u00f3n de conciencias a trav\u00e9s de la \u00e9tica y los valores, para lograr una sociedad participativa<\/p>\n\n\n\n<p>Por: Agencias<\/p>\n\n\n\n<p>Ciudad Victoria, Tamaulipas. &#8211; Luego de dos meses culmin\u00f3 la capacitaci\u00f3n \u201cLa \u00e9tica p\u00fablica y los valores para el servidor p\u00fablico\u201d, impartida por la Contralor\u00eda Gubernamental a trav\u00e9s de la Direcci\u00f3n de Investigaci\u00f3n y Anticorrupci\u00f3n de la Subcontralor\u00eda de Evaluaci\u00f3n y Mejora de la Gesti\u00f3n, al personal de diferentes dependencias gubernamentales.<\/p>\n\n\n\n<p>A trav\u00e9s del programa de capacitaci\u00f3n 2023, la contralora gubernamental Norma Ang\u00e9lica Pedraza Melo, busca, junto a su equipo de colaboradores fomentar la observancia de la Ley de Responsabilidades Administrativas y el C\u00f3digo de \u00c9tica del Poder Ejecutivo del Estado de Tamaulipas, cuya actualizaci\u00f3n posiciona a la entidad a la vanguardia al colocar conceptos como: acoso laboral, acoso sexual, hostigamiento sexual e igualdad de g\u00e9nero.<\/p>\n\n\n\n<p>En el \u00faltimo de tres m\u00f3dulos, se abord\u00f3 el tema \u201cPrevenci\u00f3n del acoso y hostigamiento sexual, y del acoso laboral\u201d, impartido por la Dra. Olga Nacori L\u00f3pez Hern\u00e1ndez, miembro del Sistema Nacional de Investigadores.<\/p>\n\n\n\n<p>\u201cLas personas servidoras p\u00fablicas debemos cuestionar nuestras pr\u00e1cticas, pues lo que hacemos o hemos hecho como sociedad no significa que est\u00e9 bien hecho, pero se trata de evolucionar y en esta transformaci\u00f3n de Tamaulipas, la sociedad y su pensamiento debe encontrar otras formas de hacer las cosas y nuevas formas de relacionarnos como seres humanos\u201d, dijo la investigadora que comparte la exposici\u00f3n con la Doctora en Administraci\u00f3n P\u00fablica, Ver\u00f3nica Mireya Moreno Rodr\u00edguez.<\/p>\n\n\n\n<p>De esta forma, la Contralor\u00eda Gubernamental contribuye a la transformaci\u00f3n de las conciencias hacia el interior de las oficinas gubernamentales y la correcci\u00f3n de conductas que se normalizaron en el pasado, y que hoy no tienen cabida en el gobierno humano y<br>honesto que impulsa el gobernador Am\u00e9rico Villarreal Anaya.<\/p>\n","protected":false},"excerpt":{"rendered":"<p>-La capacitaci\u00f3n contribuye a la evoluci\u00f3n de conciencias a trav\u00e9s de la \u00e9tica y los valores, para lograr una sociedad participativa Por: Agencias Ciudad Victoria, Tamaulipas. &#8211; Luego de dos meses culmin\u00f3 la capacitaci\u00f3n \u201cLa \u00e9tica p\u00fablica y los valores para el servidor p\u00fablico\u201d, impartida por la Contralor\u00eda Gubernamental a trav\u00e9s de la Direcci\u00f3n de &hellip;<\/p>\n","protected":false},"author":1,"featured_media":3854,"comment_status":"open","ping_status":"open","sticky":false,"template":"","format":"standard","meta":{"footnotes":""},"categories":[39],"tags":[],"class_list":["post-3853","post","type-post","status-publish","format-standard","has-post-thumbnail","","category-tamaulipas"],"_links":{"self":[{"href":"https:\/\/www.radiointeractivo.com.mx\/index.php?rest_route=\/wp\/v2\/posts\/3853","targetHints":{"allow":["GET"]}}],"collection":[{"href":"https:\/\/www.radiointeractivo.com.mx\/index.php?rest_route=\/wp\/v2\/posts"}],"about":[{"href":"https:\/\/www.radiointeractivo.com.mx\/index.php?rest_route=\/wp\/v2\/types\/post"}],"author":[{"embeddable":true,"href":"https:\/\/www.radiointeractivo.com.mx\/index.php?rest_route=\/wp\/v2\/users\/1"}],"replies":[{"embeddable":true,"href":"https:\/\/www.radiointeractivo.com.mx\/index.php?rest_route=%2Fwp%2Fv2%2Fcomments&post=3853"}],"version-history":[{"count":1,"href":"https:\/\/www.radiointeractivo.com.mx\/index.php?rest_route=\/wp\/v2\/posts\/3853\/revisions"}],"predecessor-version":[{"id":3855,"href":"https:\/\/www.radiointeractivo.com.mx\/index.php?rest_route=\/wp\/v2\/posts\/3853\/revisions\/3855"}],"wp:featuredmedia":[{"embeddable":true,"href":"https:\/\/www.radiointeractivo.com.mx\/index.php?rest_route=\/wp\/v2\/media\/3854"}],"wp:attachment":[{"href":"https:\/\/www.radiointeractivo.com.mx\/index.php?rest_route=%2Fwp%2Fv2%2Fmedia&parent=3853"}],"wp:term":[{"taxonomy":"category","embeddable":true,"href":"https:\/\/www.radiointeractivo.com.mx\/index.php?rest_route=%2Fwp%2Fv2%2Fcategories&post=3853"},{"taxonomy":"post_tag","embeddable":true,"href":"https:\/\/www.radiointeractivo.com.mx\/index.php?rest_route=%2Fwp%2Fv2%2Ftags&post=3853"}],"curies":[{"name":"wp","href":"https:\/\/api.w.org\/{rel}","templated":true}]}}