{"id":3833,"date":"2023-11-10T13:53:02","date_gmt":"2023-11-10T19:53:02","guid":{"rendered":"https:\/\/www.radiointeractivo.com.mx\/?p=3833"},"modified":"2023-11-10T13:53:04","modified_gmt":"2023-11-10T19:53:04","slug":"invita-gobierno-municipal-a-visitar-expo-herrero-artesanal","status":"publish","type":"post","link":"https:\/\/www.radiointeractivo.com.mx\/?p=3833","title":{"rendered":"INVITA GOBIERNO MUNICIPAL A VISITAR \u201cEXPO HERRERO ARTESANAL\u201d"},"content":{"rendered":"\n<figure class=\"wp-block-image size-full\"><img loading=\"lazy\" decoding=\"async\" width=\"960\" height=\"957\" src=\"https:\/\/www.radiointeractivo.com.mx\/wp-content\/uploads\/2023\/11\/WhatsApp-Image-2023-11-10-at-1.50.05-PM.jpeg\" alt=\"\" class=\"wp-image-3834\" srcset=\"https:\/\/www.radiointeractivo.com.mx\/wp-content\/uploads\/2023\/11\/WhatsApp-Image-2023-11-10-at-1.50.05-PM.jpeg 960w, https:\/\/www.radiointeractivo.com.mx\/wp-content\/uploads\/2023\/11\/WhatsApp-Image-2023-11-10-at-1.50.05-PM-300x300.jpeg 300w, https:\/\/www.radiointeractivo.com.mx\/wp-content\/uploads\/2023\/11\/WhatsApp-Image-2023-11-10-at-1.50.05-PM-150x150.jpeg 150w, https:\/\/www.radiointeractivo.com.mx\/wp-content\/uploads\/2023\/11\/WhatsApp-Image-2023-11-10-at-1.50.05-PM-768x766.jpeg 768w\" sizes=\"auto, (max-width: 960px) 100vw, 960px\" \/><\/figure>\n\n\n\n<p>Por: Staff | #NuevoLaredo #Tamaulipas<\/p>\n\n\n\n<p>Todo se encuentra listo para la realizaci\u00f3n del evento \u201cExpo Herrero Artesanal\u201d y Productos del Campo que se llevar\u00e1 a cabo en el Polyforum la Fe este 11 y 12 de noviembre de las 10:00 AM a las 6:00 PM.<\/p>\n\n\n\n<p>En este evento, los visitantes podr\u00e1n admirar y adquirir las obras confeccionadas por manos de artesanos locales; adem\u00e1s, se ofrecer\u00e1n productos del campo, como dulces, carne seca, miel, nueces y una extensa variedad de art\u00edculos comestibles regionales.<\/p>\n","protected":false},"excerpt":{"rendered":"<p>Por: Staff | #NuevoLaredo #Tamaulipas Todo se encuentra listo para la realizaci\u00f3n del evento \u201cExpo Herrero Artesanal\u201d y Productos del Campo que se llevar\u00e1 a cabo en el Polyforum la Fe este 11 y 12 de noviembre de las 10:00 AM a las 6:00 PM. En este evento, los visitantes podr\u00e1n admirar y adquirir las &hellip;<\/p>\n","protected":false},"author":1,"featured_media":3834,"comment_status":"open","ping_status":"open","sticky":false,"template":"","format":"standard","meta":{"footnotes":""},"categories":[38],"tags":[],"class_list":["post-3833","post","type-post","status-publish","format-standard","has-post-thumbnail","","category-nuevo-laredo"],"_links":{"self":[{"href":"https:\/\/www.radiointeractivo.com.mx\/index.php?rest_route=\/wp\/v2\/posts\/3833","targetHints":{"allow":["GET"]}}],"collection":[{"href":"https:\/\/www.radiointeractivo.com.mx\/index.php?rest_route=\/wp\/v2\/posts"}],"about":[{"href":"https:\/\/www.radiointeractivo.com.mx\/index.php?rest_route=\/wp\/v2\/types\/post"}],"author":[{"embeddable":true,"href":"https:\/\/www.radiointeractivo.com.mx\/index.php?rest_route=\/wp\/v2\/users\/1"}],"replies":[{"embeddable":true,"href":"https:\/\/www.radiointeractivo.com.mx\/index.php?rest_route=%2Fwp%2Fv2%2Fcomments&post=3833"}],"version-history":[{"count":1,"href":"https:\/\/www.radiointeractivo.com.mx\/index.php?rest_route=\/wp\/v2\/posts\/3833\/revisions"}],"predecessor-version":[{"id":3835,"href":"https:\/\/www.radiointeractivo.com.mx\/index.php?rest_route=\/wp\/v2\/posts\/3833\/revisions\/3835"}],"wp:featuredmedia":[{"embeddable":true,"href":"https:\/\/www.radiointeractivo.com.mx\/index.php?rest_route=\/wp\/v2\/media\/3834"}],"wp:attachment":[{"href":"https:\/\/www.radiointeractivo.com.mx\/index.php?rest_route=%2Fwp%2Fv2%2Fmedia&parent=3833"}],"wp:term":[{"taxonomy":"category","embeddable":true,"href":"https:\/\/www.radiointeractivo.com.mx\/index.php?rest_route=%2Fwp%2Fv2%2Fcategories&post=3833"},{"taxonomy":"post_tag","embeddable":true,"href":"https:\/\/www.radiointeractivo.com.mx\/index.php?rest_route=%2Fwp%2Fv2%2Ftags&post=3833"}],"curies":[{"name":"wp","href":"https:\/\/api.w.org\/{rel}","templated":true}]}}