{"id":3823,"date":"2023-11-09T15:44:24","date_gmt":"2023-11-09T21:44:24","guid":{"rendered":"https:\/\/www.radiointeractivo.com.mx\/?p=3823"},"modified":"2023-11-09T15:44:25","modified_gmt":"2023-11-09T21:44:25","slug":"siguen-reconocimientos-al-gobierno-municipal-galardonan-a-juan-angel-martinez-salazar-como-funcionario-del-ano","status":"publish","type":"post","link":"https:\/\/www.radiointeractivo.com.mx\/?p=3823","title":{"rendered":"SIGUEN RECONOCIMIENTOS AL GOBIERNO MUNICIPAL; GALARDONAN A JUAN \u00c1NGEL MART\u00cdNEZ SALAZAR COMO FUNCIONARIO DEL A\u00d1O"},"content":{"rendered":"\n<figure class=\"wp-block-image size-large\"><img loading=\"lazy\" decoding=\"async\" width=\"1024\" height=\"682\" src=\"https:\/\/www.radiointeractivo.com.mx\/wp-content\/uploads\/2023\/11\/WhatsApp-Image-2023-11-09-at-3.41.52-PM-1024x682.jpeg\" alt=\"\" class=\"wp-image-3824\" srcset=\"https:\/\/www.radiointeractivo.com.mx\/wp-content\/uploads\/2023\/11\/WhatsApp-Image-2023-11-09-at-3.41.52-PM-1024x682.jpeg 1024w, https:\/\/www.radiointeractivo.com.mx\/wp-content\/uploads\/2023\/11\/WhatsApp-Image-2023-11-09-at-3.41.52-PM-300x200.jpeg 300w, https:\/\/www.radiointeractivo.com.mx\/wp-content\/uploads\/2023\/11\/WhatsApp-Image-2023-11-09-at-3.41.52-PM-768x512.jpeg 768w, https:\/\/www.radiointeractivo.com.mx\/wp-content\/uploads\/2023\/11\/WhatsApp-Image-2023-11-09-at-3.41.52-PM-310x205.jpeg 310w, https:\/\/www.radiointeractivo.com.mx\/wp-content\/uploads\/2023\/11\/WhatsApp-Image-2023-11-09-at-3.41.52-PM.jpeg 1280w\" sizes=\"auto, (max-width: 1024px) 100vw, 1024px\" \/><\/figure>\n\n\n\n<p>Por: Staff | #NuevoLaredo #Tamaulipas<\/p>\n\n\n\n<p>En una emotiva ceremonia, la Universidad Tec Milenio de Nuevo Laredo reconoci\u00f3 la labor del secretario de Desarrollo Econ\u00f3mico, Juan \u00c1ngel Mart\u00ednez Salazar al otorgarle el galard\u00f3n de Figura de Gobierno del A\u00f1o, como parte de la entrega de los premios \u201cL\u00edderes Transformadores\u201d.<\/p>\n\n\n\n<p>Mart\u00ednez Salazar, agradeci\u00f3 la distinci\u00f3n y destac\u00f3 que ese premio representa la suma de esfuerzos del Gobierno Municipal y el liderazgo de la alcaldesa Carmen Lilia Canturosas Villarreal, para llevar bienestar y progreso a las familias de la ciudad.<\/p>\n\n\n\n<p>\u201cMe siento muy honrado con la distinci\u00f3n que recib\u00ed por parte del Tecmilenio Nuevo Laredo al reconocerme como la Figura de Gobierno del a\u00f1o. Gracias a la Presidenta Carmen Lilia Canturosas por haberme dado la oportunidad de formar parte de su gobierno y servirle a mi ciudad que tanto amo\u201d, expres\u00f3 el funcionario.<\/p>\n\n\n\n<p>El secretario de Desarrollo Econ\u00f3mico recibi\u00f3 el galard\u00f3n junto a los empresarios Mario Palos Garza, Carlos Fern\u00e1ndez Martinez y Eduardo Garza, tambi\u00e9n reconocieron la trayectoria de Don Orfelio Quintanilla y la labor del c\u00f3nsul general de M\u00e9xico en Laredo, Texas, Juan Carlos Mendoza S\u00e1nchez.<\/p>\n\n\n\n<p>Estos galardones se realizan de manera anual con el objetivo de reconocer a organizaciones p\u00fablicas, privadas, ONG \u0301s y l\u00edderes de la regi\u00f3n que generan un impacto positivo a la comunidad de Los Dos Laredos.<\/p>\n","protected":false},"excerpt":{"rendered":"<p>Por: Staff | #NuevoLaredo #Tamaulipas En una emotiva ceremonia, la Universidad Tec Milenio de Nuevo Laredo reconoci\u00f3 la labor del secretario de Desarrollo Econ\u00f3mico, Juan \u00c1ngel Mart\u00ednez Salazar al otorgarle el galard\u00f3n de Figura de Gobierno del A\u00f1o, como parte de la entrega de los premios \u201cL\u00edderes Transformadores\u201d. Mart\u00ednez Salazar, agradeci\u00f3 la distinci\u00f3n y destac\u00f3 &hellip;<\/p>\n","protected":false},"author":1,"featured_media":3824,"comment_status":"open","ping_status":"open","sticky":false,"template":"","format":"standard","meta":{"footnotes":""},"categories":[38],"tags":[],"class_list":["post-3823","post","type-post","status-publish","format-standard","has-post-thumbnail","","category-nuevo-laredo"],"_links":{"self":[{"href":"https:\/\/www.radiointeractivo.com.mx\/index.php?rest_route=\/wp\/v2\/posts\/3823","targetHints":{"allow":["GET"]}}],"collection":[{"href":"https:\/\/www.radiointeractivo.com.mx\/index.php?rest_route=\/wp\/v2\/posts"}],"about":[{"href":"https:\/\/www.radiointeractivo.com.mx\/index.php?rest_route=\/wp\/v2\/types\/post"}],"author":[{"embeddable":true,"href":"https:\/\/www.radiointeractivo.com.mx\/index.php?rest_route=\/wp\/v2\/users\/1"}],"replies":[{"embeddable":true,"href":"https:\/\/www.radiointeractivo.com.mx\/index.php?rest_route=%2Fwp%2Fv2%2Fcomments&post=3823"}],"version-history":[{"count":1,"href":"https:\/\/www.radiointeractivo.com.mx\/index.php?rest_route=\/wp\/v2\/posts\/3823\/revisions"}],"predecessor-version":[{"id":3825,"href":"https:\/\/www.radiointeractivo.com.mx\/index.php?rest_route=\/wp\/v2\/posts\/3823\/revisions\/3825"}],"wp:featuredmedia":[{"embeddable":true,"href":"https:\/\/www.radiointeractivo.com.mx\/index.php?rest_route=\/wp\/v2\/media\/3824"}],"wp:attachment":[{"href":"https:\/\/www.radiointeractivo.com.mx\/index.php?rest_route=%2Fwp%2Fv2%2Fmedia&parent=3823"}],"wp:term":[{"taxonomy":"category","embeddable":true,"href":"https:\/\/www.radiointeractivo.com.mx\/index.php?rest_route=%2Fwp%2Fv2%2Fcategories&post=3823"},{"taxonomy":"post_tag","embeddable":true,"href":"https:\/\/www.radiointeractivo.com.mx\/index.php?rest_route=%2Fwp%2Fv2%2Ftags&post=3823"}],"curies":[{"name":"wp","href":"https:\/\/api.w.org\/{rel}","templated":true}]}}