{"id":3816,"date":"2023-11-09T14:35:38","date_gmt":"2023-11-09T20:35:38","guid":{"rendered":"https:\/\/www.radiointeractivo.com.mx\/?p=3816"},"modified":"2023-11-09T14:35:38","modified_gmt":"2023-11-09T20:35:38","slug":"gobierno-municipal-iniciara-recarpeteo-en-la-carretera-a-piedras-negras","status":"publish","type":"post","link":"https:\/\/www.radiointeractivo.com.mx\/?p=3816","title":{"rendered":"GOBIERNO MUNICIPAL INICIAR\u00c1 RECARPETEO EN LA CARRETERA A PIEDRAS NEGRAS"},"content":{"rendered":"\n<figure class=\"wp-block-image size-large\"><img loading=\"lazy\" decoding=\"async\" width=\"1024\" height=\"682\" src=\"https:\/\/www.radiointeractivo.com.mx\/wp-content\/uploads\/2023\/11\/WhatsApp-Image-2023-11-09-at-2.30.41-PM-1024x682.jpeg\" alt=\"\" class=\"wp-image-3817\" srcset=\"https:\/\/www.radiointeractivo.com.mx\/wp-content\/uploads\/2023\/11\/WhatsApp-Image-2023-11-09-at-2.30.41-PM-1024x682.jpeg 1024w, https:\/\/www.radiointeractivo.com.mx\/wp-content\/uploads\/2023\/11\/WhatsApp-Image-2023-11-09-at-2.30.41-PM-300x200.jpeg 300w, https:\/\/www.radiointeractivo.com.mx\/wp-content\/uploads\/2023\/11\/WhatsApp-Image-2023-11-09-at-2.30.41-PM-768x512.jpeg 768w, https:\/\/www.radiointeractivo.com.mx\/wp-content\/uploads\/2023\/11\/WhatsApp-Image-2023-11-09-at-2.30.41-PM-310x205.jpeg 310w, https:\/\/www.radiointeractivo.com.mx\/wp-content\/uploads\/2023\/11\/WhatsApp-Image-2023-11-09-at-2.30.41-PM.jpeg 1280w\" sizes=\"auto, (max-width: 1024px) 100vw, 1024px\" \/><\/figure>\n\n\n\n<p>Por: Staff | #NuevoLaredo #Tamaulipas<\/p>\n\n\n\n<p>El Gobierno de Nuevo Laredo, comprometido con brindar mejores vialidades y mayor seguridad vial a la poblaci\u00f3n, iniciar\u00e1 con trabajos de recarpeteo en la Carretera a Piedras Negras, cuerpo poniente.<\/p>\n\n\n\n<p>La alcaldesa, Carmen Lilia Canturosas Villarreal, anunci\u00f3 que ser\u00e1 a partir de esta semana cuando se comience a trabajar en el mejoramiento de esta importante vialidad utilizada principalmente por operadores de carga y transportistas lo que facilitar\u00e1 su desplazamiento.<\/p>\n\n\n\n<p>\u201cEstoy muy contenta de informales sobre las mejoras que haremos, sabemos que es una vialidad que se encuentra muy da\u00f1ada y por lo mismo peligrosa para transitar por aqu\u00ed, pero ya iniciaremos con este recarpeteo\u201d, se\u00f1al\u00f3 la presidenta municipal.<\/p>\n\n\n\n<p>Agreg\u00f3 que para ello, se realizar\u00e1 una inversi\u00f3n de 21 millones 136 mil, 301.71 pesos, adem\u00e1s, que con esta obra ser\u00e1n beneficiados indirectamente a 120 mil personas y 2 mil 500 habitantes directos.<\/p>\n\n\n\n<p>\u201cLa seguridad vial es fundamental y estoy segura que el recarpeteo de esta carretera ser\u00e1 de mucho beneficio y c\u00f3moda para todos, para nosotros como gobierno municipal el bienestar de la comunidad siempre ser\u00e1 prioridad\u201d, indic\u00f3 la presidenta Carmen Lilia.<\/p>\n\n\n\n<p>El recarpeteo se llevar\u00e1 a cabo por el cuerpo poniente de la carretera Piedras Negras entre el entronque El Canelo y Rotonda Segundo Anillo Perif\u00e9rico.<\/p>\n","protected":false},"excerpt":{"rendered":"<p>Por: Staff | #NuevoLaredo #Tamaulipas El Gobierno de Nuevo Laredo, comprometido con brindar mejores vialidades y mayor seguridad vial a la poblaci\u00f3n, iniciar\u00e1 con trabajos de recarpeteo en la Carretera a Piedras Negras, cuerpo poniente. La alcaldesa, Carmen Lilia Canturosas Villarreal, anunci\u00f3 que ser\u00e1 a partir de esta semana cuando se comience a trabajar en &hellip;<\/p>\n","protected":false},"author":1,"featured_media":3817,"comment_status":"open","ping_status":"open","sticky":false,"template":"","format":"standard","meta":{"footnotes":""},"categories":[38],"tags":[],"class_list":["post-3816","post","type-post","status-publish","format-standard","has-post-thumbnail","","category-nuevo-laredo"],"_links":{"self":[{"href":"https:\/\/www.radiointeractivo.com.mx\/index.php?rest_route=\/wp\/v2\/posts\/3816","targetHints":{"allow":["GET"]}}],"collection":[{"href":"https:\/\/www.radiointeractivo.com.mx\/index.php?rest_route=\/wp\/v2\/posts"}],"about":[{"href":"https:\/\/www.radiointeractivo.com.mx\/index.php?rest_route=\/wp\/v2\/types\/post"}],"author":[{"embeddable":true,"href":"https:\/\/www.radiointeractivo.com.mx\/index.php?rest_route=\/wp\/v2\/users\/1"}],"replies":[{"embeddable":true,"href":"https:\/\/www.radiointeractivo.com.mx\/index.php?rest_route=%2Fwp%2Fv2%2Fcomments&post=3816"}],"version-history":[{"count":1,"href":"https:\/\/www.radiointeractivo.com.mx\/index.php?rest_route=\/wp\/v2\/posts\/3816\/revisions"}],"predecessor-version":[{"id":3818,"href":"https:\/\/www.radiointeractivo.com.mx\/index.php?rest_route=\/wp\/v2\/posts\/3816\/revisions\/3818"}],"wp:featuredmedia":[{"embeddable":true,"href":"https:\/\/www.radiointeractivo.com.mx\/index.php?rest_route=\/wp\/v2\/media\/3817"}],"wp:attachment":[{"href":"https:\/\/www.radiointeractivo.com.mx\/index.php?rest_route=%2Fwp%2Fv2%2Fmedia&parent=3816"}],"wp:term":[{"taxonomy":"category","embeddable":true,"href":"https:\/\/www.radiointeractivo.com.mx\/index.php?rest_route=%2Fwp%2Fv2%2Fcategories&post=3816"},{"taxonomy":"post_tag","embeddable":true,"href":"https:\/\/www.radiointeractivo.com.mx\/index.php?rest_route=%2Fwp%2Fv2%2Ftags&post=3816"}],"curies":[{"name":"wp","href":"https:\/\/api.w.org\/{rel}","templated":true}]}}