{"id":3804,"date":"2023-11-09T12:50:57","date_gmt":"2023-11-09T18:50:57","guid":{"rendered":"https:\/\/www.radiointeractivo.com.mx\/?p=3804"},"modified":"2023-11-09T12:50:58","modified_gmt":"2023-11-09T18:50:58","slug":"gobierno-morenista-aclara-ante-asf-8-mil-700-mdp-faltantes-de-cabeza-de-vaca","status":"publish","type":"post","link":"https:\/\/www.radiointeractivo.com.mx\/?p=3804","title":{"rendered":"Gobierno morenista aclara ante ASF 8 mil 700 mdp faltantes de Cabeza de Vaca"},"content":{"rendered":"\n<figure class=\"wp-block-image size-large\"><img loading=\"lazy\" decoding=\"async\" width=\"1024\" height=\"576\" src=\"https:\/\/www.radiointeractivo.com.mx\/wp-content\/uploads\/2023\/11\/cabeza-de-vaca-1024x576.jpg\" alt=\"\" class=\"wp-image-3805\" srcset=\"https:\/\/www.radiointeractivo.com.mx\/wp-content\/uploads\/2023\/11\/cabeza-de-vaca-1024x576.jpg 1024w, https:\/\/www.radiointeractivo.com.mx\/wp-content\/uploads\/2023\/11\/cabeza-de-vaca-300x169.jpg 300w, https:\/\/www.radiointeractivo.com.mx\/wp-content\/uploads\/2023\/11\/cabeza-de-vaca-768x432.jpg 768w, https:\/\/www.radiointeractivo.com.mx\/wp-content\/uploads\/2023\/11\/cabeza-de-vaca.jpg 1280w\" sizes=\"auto, (max-width: 1024px) 100vw, 1024px\" \/><\/figure>\n\n\n\n<p>-El gobernador de Tamaulipas, Am\u00e9rico Villarreal, logr\u00f3 comprobar el \u201cboquete\u201d que su antecesor no pudo.<\/p>\n\n\n\n<p>Por: Agencias<\/p>\n\n\n\n<p>El gobierno de Tamaulipas, encabezado por el morenista Am\u00e9rico Villarreal Anaya, logr\u00f3 aclarar en tiempo r\u00e9cord el gasto de 8 mil 700 millones de pesos que dej\u00f3 sin comprobar su antecesor Francisco Javier Garc\u00eda Cabeza de Vaca.<\/p>\n\n\n\n<p>De acuerdo con una investigaci\u00f3n realizada por Mexicanos Contra la Corrupci\u00f3n y la Impunidad, el gobierno de Villarreal Anaya s\u00f3lo necesit\u00f3 de ocho meses para enviar el primer oficio a la Auditor\u00eda Superior de la Federaci\u00f3n (ASF) para dar atenci\u00f3n a las observaciones que heredaron del gobierno anterior.<\/p>\n\n\n\n<p>Por su parte, la ASF hab\u00eda pedido desde febrero de 2020 al gobierno de Cabeza de Vaca que aclarara los 8 mil 700 millones no comprobados del Ejercicio Fiscal de 2018, ya que estableci\u00f3 que el gobierno panista no hab\u00eda presentado informaci\u00f3n contractual de proveedores y contratistas correspondientes al uso del dinero sin evidencia.<\/p>\n\n\n\n<p>Para julio del mismo a\u00f1o, la subcontralora de control y auditor\u00eda de la Contralor\u00eda Gubernamental, Elda Aurora Vi\u00f1as Herrera, envi\u00f3 11 oficios al titular de la ASF, David Colmenares, as\u00ed como a tres directores y un auditor especial, con la intenci\u00f3n de aclarar el dinero pendiente.<\/p>\n","protected":false},"excerpt":{"rendered":"<p>-El gobernador de Tamaulipas, Am\u00e9rico Villarreal, logr\u00f3 comprobar el \u201cboquete\u201d que su antecesor no pudo. Por: Agencias El gobierno de Tamaulipas, encabezado por el morenista Am\u00e9rico Villarreal Anaya, logr\u00f3 aclarar en tiempo r\u00e9cord el gasto de 8 mil 700 millones de pesos que dej\u00f3 sin comprobar su antecesor Francisco Javier Garc\u00eda Cabeza de Vaca. De &hellip;<\/p>\n","protected":false},"author":1,"featured_media":3805,"comment_status":"open","ping_status":"open","sticky":false,"template":"","format":"standard","meta":{"footnotes":""},"categories":[39],"tags":[],"class_list":["post-3804","post","type-post","status-publish","format-standard","has-post-thumbnail","","category-tamaulipas"],"_links":{"self":[{"href":"https:\/\/www.radiointeractivo.com.mx\/index.php?rest_route=\/wp\/v2\/posts\/3804","targetHints":{"allow":["GET"]}}],"collection":[{"href":"https:\/\/www.radiointeractivo.com.mx\/index.php?rest_route=\/wp\/v2\/posts"}],"about":[{"href":"https:\/\/www.radiointeractivo.com.mx\/index.php?rest_route=\/wp\/v2\/types\/post"}],"author":[{"embeddable":true,"href":"https:\/\/www.radiointeractivo.com.mx\/index.php?rest_route=\/wp\/v2\/users\/1"}],"replies":[{"embeddable":true,"href":"https:\/\/www.radiointeractivo.com.mx\/index.php?rest_route=%2Fwp%2Fv2%2Fcomments&post=3804"}],"version-history":[{"count":1,"href":"https:\/\/www.radiointeractivo.com.mx\/index.php?rest_route=\/wp\/v2\/posts\/3804\/revisions"}],"predecessor-version":[{"id":3806,"href":"https:\/\/www.radiointeractivo.com.mx\/index.php?rest_route=\/wp\/v2\/posts\/3804\/revisions\/3806"}],"wp:featuredmedia":[{"embeddable":true,"href":"https:\/\/www.radiointeractivo.com.mx\/index.php?rest_route=\/wp\/v2\/media\/3805"}],"wp:attachment":[{"href":"https:\/\/www.radiointeractivo.com.mx\/index.php?rest_route=%2Fwp%2Fv2%2Fmedia&parent=3804"}],"wp:term":[{"taxonomy":"category","embeddable":true,"href":"https:\/\/www.radiointeractivo.com.mx\/index.php?rest_route=%2Fwp%2Fv2%2Fcategories&post=3804"},{"taxonomy":"post_tag","embeddable":true,"href":"https:\/\/www.radiointeractivo.com.mx\/index.php?rest_route=%2Fwp%2Fv2%2Ftags&post=3804"}],"curies":[{"name":"wp","href":"https:\/\/api.w.org\/{rel}","templated":true}]}}