{"id":3794,"date":"2023-11-09T12:16:33","date_gmt":"2023-11-09T18:16:33","guid":{"rendered":"https:\/\/www.radiointeractivo.com.mx\/?p=3794"},"modified":"2023-11-09T12:16:34","modified_gmt":"2023-11-09T18:16:34","slug":"inaugura-maria-de-villarreal-la-exposicion-fotografica-cien-imagenes","status":"publish","type":"post","link":"https:\/\/www.radiointeractivo.com.mx\/?p=3794","title":{"rendered":"Inaugura Mar\u00eda de Villarreal la exposici\u00f3n fotogr\u00e1fica \u201cCien im\u00e1genes\u201d"},"content":{"rendered":"\n<figure class=\"wp-block-image size-large\"><img loading=\"lazy\" decoding=\"async\" width=\"1024\" height=\"682\" src=\"https:\/\/www.radiointeractivo.com.mx\/wp-content\/uploads\/2023\/11\/WhatsApp-Image-2023-11-08-at-4.44.46-PM-1024x682.jpeg\" alt=\"\" class=\"wp-image-3795\" srcset=\"https:\/\/www.radiointeractivo.com.mx\/wp-content\/uploads\/2023\/11\/WhatsApp-Image-2023-11-08-at-4.44.46-PM-1024x682.jpeg 1024w, https:\/\/www.radiointeractivo.com.mx\/wp-content\/uploads\/2023\/11\/WhatsApp-Image-2023-11-08-at-4.44.46-PM-300x200.jpeg 300w, https:\/\/www.radiointeractivo.com.mx\/wp-content\/uploads\/2023\/11\/WhatsApp-Image-2023-11-08-at-4.44.46-PM-768x512.jpeg 768w, https:\/\/www.radiointeractivo.com.mx\/wp-content\/uploads\/2023\/11\/WhatsApp-Image-2023-11-08-at-4.44.46-PM-1536x1023.jpeg 1536w, https:\/\/www.radiointeractivo.com.mx\/wp-content\/uploads\/2023\/11\/WhatsApp-Image-2023-11-08-at-4.44.46-PM-310x205.jpeg 310w, https:\/\/www.radiointeractivo.com.mx\/wp-content\/uploads\/2023\/11\/WhatsApp-Image-2023-11-08-at-4.44.46-PM.jpeg 1600w\" sizes=\"auto, (max-width: 1024px) 100vw, 1024px\" \/><\/figure>\n\n\n\n<p>-Las obras permanecer\u00e1n en exhibici\u00f3n hasta el 4 de diciembre y lo recaudado ser\u00e1 en beneficio del DIF Tamaulipas<\/p>\n\n\n\n<p>Por: Agencias<\/p>\n\n\n\n<p>Ciudad Victoria, Tamaulipas.- En el marco de los festejos del bicentenario de la fundaci\u00f3n de nuestra entidad, se llev\u00f3 a cabo la inauguraci\u00f3n de la edici\u00f3n n\u00famero 36 de la exposici\u00f3n \u201cCien im\u00e1genes\u201d, que en esta ocasi\u00f3n presenta la \u201cEdici\u00f3n bicentenario, 200 im\u00e1genes Tamaulipas\u201d; por parte de la doctora Mar\u00eda de Villarreal, presidenta del Sistema para el Desarrollo Integral de la Familia de Tamaulipas.<\/p>\n\n\n\n<p>Cultura, arte, deporte, naturaleza, arquitectura, paisajes, gastronom\u00eda, entre otros temas, ilustran esta exposici\u00f3n con lo m\u00e1s destacado de nuestro estado. Estas obras permanecer\u00e1n en exhibici\u00f3n en el atrio del Centro Cultural Tamaulipas a partir de la fecha y hasta el pr\u00f3ximo 4 de diciembre, y lo que ah\u00ed se recaude ser\u00e1 destinado a obras de beneficio social del DIF Estatal.<\/p>\n\n\n\n<p>El corte del list\u00f3n inaugural estuvo a cargo de la doctora Mar\u00eda de Villarreal, junto a la directora general de esa instituci\u00f3n Patricia Lara Ayala, quienes estuvieron acompa\u00f1adas de la diputada \u00darsula Patricia Salazar Mojica, presidenta de la Junta de Coordinaci\u00f3n Pol\u00edtica del Congreso del Estado; Ileana Mart\u00ednez Leal, directora del Centro Cultural Tamaulipas; Brenda Denisse De La Cruz L\u00f3pez, directora del Instituto Tamaulipeco para la Cultura y las Artes, entre otras personalidades.<\/p>\n","protected":false},"excerpt":{"rendered":"<p>-Las obras permanecer\u00e1n en exhibici\u00f3n hasta el 4 de diciembre y lo recaudado ser\u00e1 en beneficio del DIF Tamaulipas Por: Agencias Ciudad Victoria, Tamaulipas.- En el marco de los festejos del bicentenario de la fundaci\u00f3n de nuestra entidad, se llev\u00f3 a cabo la inauguraci\u00f3n de la edici\u00f3n n\u00famero 36 de la exposici\u00f3n \u201cCien im\u00e1genes\u201d, que &hellip;<\/p>\n","protected":false},"author":1,"featured_media":3795,"comment_status":"open","ping_status":"open","sticky":false,"template":"","format":"standard","meta":{"footnotes":""},"categories":[39],"tags":[],"class_list":["post-3794","post","type-post","status-publish","format-standard","has-post-thumbnail","","category-tamaulipas"],"_links":{"self":[{"href":"https:\/\/www.radiointeractivo.com.mx\/index.php?rest_route=\/wp\/v2\/posts\/3794","targetHints":{"allow":["GET"]}}],"collection":[{"href":"https:\/\/www.radiointeractivo.com.mx\/index.php?rest_route=\/wp\/v2\/posts"}],"about":[{"href":"https:\/\/www.radiointeractivo.com.mx\/index.php?rest_route=\/wp\/v2\/types\/post"}],"author":[{"embeddable":true,"href":"https:\/\/www.radiointeractivo.com.mx\/index.php?rest_route=\/wp\/v2\/users\/1"}],"replies":[{"embeddable":true,"href":"https:\/\/www.radiointeractivo.com.mx\/index.php?rest_route=%2Fwp%2Fv2%2Fcomments&post=3794"}],"version-history":[{"count":1,"href":"https:\/\/www.radiointeractivo.com.mx\/index.php?rest_route=\/wp\/v2\/posts\/3794\/revisions"}],"predecessor-version":[{"id":3796,"href":"https:\/\/www.radiointeractivo.com.mx\/index.php?rest_route=\/wp\/v2\/posts\/3794\/revisions\/3796"}],"wp:featuredmedia":[{"embeddable":true,"href":"https:\/\/www.radiointeractivo.com.mx\/index.php?rest_route=\/wp\/v2\/media\/3795"}],"wp:attachment":[{"href":"https:\/\/www.radiointeractivo.com.mx\/index.php?rest_route=%2Fwp%2Fv2%2Fmedia&parent=3794"}],"wp:term":[{"taxonomy":"category","embeddable":true,"href":"https:\/\/www.radiointeractivo.com.mx\/index.php?rest_route=%2Fwp%2Fv2%2Fcategories&post=3794"},{"taxonomy":"post_tag","embeddable":true,"href":"https:\/\/www.radiointeractivo.com.mx\/index.php?rest_route=%2Fwp%2Fv2%2Ftags&post=3794"}],"curies":[{"name":"wp","href":"https:\/\/api.w.org\/{rel}","templated":true}]}}