{"id":3791,"date":"2023-11-09T12:14:56","date_gmt":"2023-11-09T18:14:56","guid":{"rendered":"https:\/\/www.radiointeractivo.com.mx\/?p=3791"},"modified":"2023-11-09T12:14:57","modified_gmt":"2023-11-09T18:14:57","slug":"feria-de-empleo-altamira-2023-oferta-empleos-dignos-y-bien-remunerados","status":"publish","type":"post","link":"https:\/\/www.radiointeractivo.com.mx\/?p=3791","title":{"rendered":"Feria de Empleo Altamira 2023 oferta empleos dignos y bien remunerados"},"content":{"rendered":"\n<figure class=\"wp-block-image size-large\"><img loading=\"lazy\" decoding=\"async\" width=\"1024\" height=\"682\" src=\"https:\/\/www.radiointeractivo.com.mx\/wp-content\/uploads\/2023\/11\/WhatsApp-Image-2023-11-08-at-4.33.48-PM-1024x682.jpeg\" alt=\"\" class=\"wp-image-3792\" srcset=\"https:\/\/www.radiointeractivo.com.mx\/wp-content\/uploads\/2023\/11\/WhatsApp-Image-2023-11-08-at-4.33.48-PM-1024x682.jpeg 1024w, https:\/\/www.radiointeractivo.com.mx\/wp-content\/uploads\/2023\/11\/WhatsApp-Image-2023-11-08-at-4.33.48-PM-300x200.jpeg 300w, https:\/\/www.radiointeractivo.com.mx\/wp-content\/uploads\/2023\/11\/WhatsApp-Image-2023-11-08-at-4.33.48-PM-768x512.jpeg 768w, https:\/\/www.radiointeractivo.com.mx\/wp-content\/uploads\/2023\/11\/WhatsApp-Image-2023-11-08-at-4.33.48-PM-1536x1023.jpeg 1536w, https:\/\/www.radiointeractivo.com.mx\/wp-content\/uploads\/2023\/11\/WhatsApp-Image-2023-11-08-at-4.33.48-PM-310x205.jpeg 310w, https:\/\/www.radiointeractivo.com.mx\/wp-content\/uploads\/2023\/11\/WhatsApp-Image-2023-11-08-at-4.33.48-PM.jpeg 1600w\" sizes=\"auto, (max-width: 1024px) 100vw, 1024px\" \/><\/figure>\n\n\n\n<p>-Consolidar la generaci\u00f3n de empleos es prioridad: Olga Sosa Ru\u00edz<\/p>\n\n\n\n<p>Por: Agencias<\/p>\n\n\n\n<p>Altamira, Tamaulipas.- M\u00e1s de mil vacantes de empleo fueron ofertadas durante la Feria de Empleo Altamira 2023, con la participaci\u00f3n de m\u00e1s de 100 empresas que impulsan la vinculaci\u00f3n e inserci\u00f3n laboral, a trav\u00e9s de la Secretar\u00eda del Trabajo del Gobierno de Am\u00e9rico Villarreal Anaya.<\/p>\n\n\n\n<p>En este encuentro de oportunidades laborales, la secretaria Olga Patricia Sosa Ru\u00edz, destac\u00f3 que la generaci\u00f3n de empleos dignos y bien remunerados es la base de la transformaci\u00f3n laboral de Tamaulipas.<\/p>\n\n\n\n<p>Agradeci\u00f3 en la bienvenida, al presidente de este municipio Armando Mart\u00ednez Manr\u00edquez, por las facilidades que se han brindado para la realizaci\u00f3n de este evento que congrega a cientos de hombres y mujeres de todos los sectores de Altamira con el prop\u00f3sito de encontrar una oferta laboral.<\/p>\n\n\n\n<p>&#8220;Consolidar la generaci\u00f3n de empleo en Tamaulipas ha sido prioridad en los primeros 365 d\u00edas del gobernador Am\u00e9rico Villarreal Anaya&#8221;, dijo la secretaria del Trabajo, al se\u00f1alar que esta es la feria n\u00famero 14 realizada en la entidad y esto ha sido posible gracias al apoyo del mandatario estatal, as\u00ed como a las empresas que de manera incondicional se han sumado para ofertar vacantes laborales, en las que se abren oportunidades para mejorar la calidad la vida de hombres y mujeres con mano de obra calificada.<\/p>\n\n\n\n<p>Olga Sosa Ru\u00edz precis\u00f3 que Tamaulipas cuenta actualmente con 704 mil empleos formales registrados ante el IMSS y se ha podido consolidar el crecimiento paulatino de las oportunidades laborales en gran parte por la difusi\u00f3n que se ha realizado y la disponibilidad de los empresarios, para colaborar de manera decidida en este mecanismo, que ha permitido colocar a uno de cada tres empleos generados durante el 2023.<\/p>\n\n\n\n<p>Por su parte, el presidente municipal Armando Mart\u00ednez Manr\u00edquez, dio a conocer que esta ciudad es una tierra de oportunidades, tras el anuncio de un Hotel Marriott con cadenas comerciales de primer nivel, adem\u00e1s de tener una de las tasas de desempleo m\u00e1s bajas del estado y una serie de proyectos de inversi\u00f3n privada que fortalecer\u00e1 la generaci\u00f3n de empleos.<\/p>\n\n\n\n<p>A esta Feria de Empleo, asistieron el subsecretario de Empleo y Previsi\u00f3n Social, Abelardo Flores Mendoza; Juan Carlos Ley Fong, presidente de la Junta Local Tampico; el regidor de Tampico, Juan Manuel Piza\u00f1a; Alberto P\u00e9rez Rul Castillo, delegado Federal de la Secretar\u00eda de Trabajo y Previsi\u00f3n Social; Carlos Mu\u00f1oz Gonz\u00e1lez de CANACO Tampico, Gloria Guadalupe Gonz\u00e1lez Gonz\u00e1lez, directora del ITEA; Gonzalo Urbina Betancourt, presidente de CANACO Altamira; Jes\u00fas Ricardo Ramos S\u00e1nchez, rector de la Universidad Polit\u00e9cnica de Altamira; Leonel Tavares Flores director del SNE Tamaulipas y Yolanda G\u00f3mez Aguilar, coordinadora del Servicio Nacional del Empleo en Altamira.<\/p>\n","protected":false},"excerpt":{"rendered":"<p>-Consolidar la generaci\u00f3n de empleos es prioridad: Olga Sosa Ru\u00edz Por: Agencias Altamira, Tamaulipas.- M\u00e1s de mil vacantes de empleo fueron ofertadas durante la Feria de Empleo Altamira 2023, con la participaci\u00f3n de m\u00e1s de 100 empresas que impulsan la vinculaci\u00f3n e inserci\u00f3n laboral, a trav\u00e9s de la Secretar\u00eda del Trabajo del Gobierno de Am\u00e9rico &hellip;<\/p>\n","protected":false},"author":1,"featured_media":3792,"comment_status":"open","ping_status":"open","sticky":false,"template":"","format":"standard","meta":{"footnotes":""},"categories":[39],"tags":[],"class_list":["post-3791","post","type-post","status-publish","format-standard","has-post-thumbnail","","category-tamaulipas"],"_links":{"self":[{"href":"https:\/\/www.radiointeractivo.com.mx\/index.php?rest_route=\/wp\/v2\/posts\/3791","targetHints":{"allow":["GET"]}}],"collection":[{"href":"https:\/\/www.radiointeractivo.com.mx\/index.php?rest_route=\/wp\/v2\/posts"}],"about":[{"href":"https:\/\/www.radiointeractivo.com.mx\/index.php?rest_route=\/wp\/v2\/types\/post"}],"author":[{"embeddable":true,"href":"https:\/\/www.radiointeractivo.com.mx\/index.php?rest_route=\/wp\/v2\/users\/1"}],"replies":[{"embeddable":true,"href":"https:\/\/www.radiointeractivo.com.mx\/index.php?rest_route=%2Fwp%2Fv2%2Fcomments&post=3791"}],"version-history":[{"count":1,"href":"https:\/\/www.radiointeractivo.com.mx\/index.php?rest_route=\/wp\/v2\/posts\/3791\/revisions"}],"predecessor-version":[{"id":3793,"href":"https:\/\/www.radiointeractivo.com.mx\/index.php?rest_route=\/wp\/v2\/posts\/3791\/revisions\/3793"}],"wp:featuredmedia":[{"embeddable":true,"href":"https:\/\/www.radiointeractivo.com.mx\/index.php?rest_route=\/wp\/v2\/media\/3792"}],"wp:attachment":[{"href":"https:\/\/www.radiointeractivo.com.mx\/index.php?rest_route=%2Fwp%2Fv2%2Fmedia&parent=3791"}],"wp:term":[{"taxonomy":"category","embeddable":true,"href":"https:\/\/www.radiointeractivo.com.mx\/index.php?rest_route=%2Fwp%2Fv2%2Fcategories&post=3791"},{"taxonomy":"post_tag","embeddable":true,"href":"https:\/\/www.radiointeractivo.com.mx\/index.php?rest_route=%2Fwp%2Fv2%2Ftags&post=3791"}],"curies":[{"name":"wp","href":"https:\/\/api.w.org\/{rel}","templated":true}]}}