{"id":3788,"date":"2023-11-09T12:11:17","date_gmt":"2023-11-09T18:11:17","guid":{"rendered":"https:\/\/www.radiointeractivo.com.mx\/?p=3788"},"modified":"2023-11-09T12:11:18","modified_gmt":"2023-11-09T18:11:18","slug":"planifica-tamaulipas-desarrollo-de-ciudades-sustentables","status":"publish","type":"post","link":"https:\/\/www.radiointeractivo.com.mx\/?p=3788","title":{"rendered":"Planifica Tamaulipas desarrollo de ciudades sustentables"},"content":{"rendered":"\n<figure class=\"wp-block-image size-large\"><img loading=\"lazy\" decoding=\"async\" width=\"1024\" height=\"682\" src=\"https:\/\/www.radiointeractivo.com.mx\/wp-content\/uploads\/2023\/11\/WhatsApp-Image-2023-11-08-at-4.30.57-PM-1024x682.jpeg\" alt=\"\" class=\"wp-image-3789\" srcset=\"https:\/\/www.radiointeractivo.com.mx\/wp-content\/uploads\/2023\/11\/WhatsApp-Image-2023-11-08-at-4.30.57-PM-1024x682.jpeg 1024w, https:\/\/www.radiointeractivo.com.mx\/wp-content\/uploads\/2023\/11\/WhatsApp-Image-2023-11-08-at-4.30.57-PM-300x200.jpeg 300w, https:\/\/www.radiointeractivo.com.mx\/wp-content\/uploads\/2023\/11\/WhatsApp-Image-2023-11-08-at-4.30.57-PM-768x512.jpeg 768w, https:\/\/www.radiointeractivo.com.mx\/wp-content\/uploads\/2023\/11\/WhatsApp-Image-2023-11-08-at-4.30.57-PM-1536x1023.jpeg 1536w, https:\/\/www.radiointeractivo.com.mx\/wp-content\/uploads\/2023\/11\/WhatsApp-Image-2023-11-08-at-4.30.57-PM-310x205.jpeg 310w, https:\/\/www.radiointeractivo.com.mx\/wp-content\/uploads\/2023\/11\/WhatsApp-Image-2023-11-08-at-4.30.57-PM.jpeg 1600w\" sizes=\"auto, (max-width: 1024px) 100vw, 1024px\" \/><\/figure>\n\n\n\n<p>-En el marco del D\u00eda Mundial del Urbanismo, la SEDUMA organiz\u00f3 un foro para abordar los desaf\u00edos de centros urbanos<\/p>\n\n\n\n<p>Por: Agencias<\/p>\n\n\n\n<p>Ciudad Victoria, Tamaulipas.- Ante el crecimiento exponencial de la poblaci\u00f3n en las principales ciudades derivado de la migraci\u00f3n rural a urbana, Tamaulipas ya trabaja con una visi\u00f3n de planificaci\u00f3n urbana que permita tener un desarrollo sustentable, tema que se destac\u00f3 durante el Primer Encuentro del D\u00eda Mundial del Urbanismo.<\/p>\n\n\n\n<p>En el evento denominado \u201cDesarrollo de Ciudades\u201d organizado por la Secretar\u00eda de Desarrollo Urbano y Medio Ambiente (SEDUMA), se llev\u00f3 a cabo a trav\u00e9s de conferencias y paneles con la participaci\u00f3n de especialistas, estudiantes, acad\u00e9micos y funcionarios, adem\u00e1s de algunos talleres interactivos.<\/p>\n\n\n\n<p>Durante el foro en el que se debatieron aspectos cruciales para el futuro de las metr\u00f3polis tamaulipecas, la titular de la SEDUMA, Karina Lizeth Sald\u00edvar Lartigue, enfatiz\u00f3 la importancia de aprovechar las capacidades intelectuales y los avances tecnol\u00f3gicos para trabajar en diversos frentes, incluyendo la conservaci\u00f3n del medio ambiente, como lo deline\u00f3 el gobernador, Am\u00e9rico Villarreal Anaya desde el inicio de su administraci\u00f3n.<\/p>\n\n\n\n<p>\u201cDebemos fomentar y procurar del desarrollo compacto de las ciudades y la movilidad sustentable, mediante la promoci\u00f3n de proyectos de sistemas integrados de transporte que contribuyan a disminuir el impacto en la calidad del aire\u201d.<\/p>\n\n\n\n<p>El encuentro se centr\u00f3 en la difusi\u00f3n y el debate de ideas relacionadas con la planificaci\u00f3n urbana, la gobernanza, la movilidad, la seguridad vial y el transporte, con el objetivo de promover mejoras en las ciudades. Se hizo hincapi\u00e9 en la necesidad de transmitir informaci\u00f3n para que los cambios se reflejen en acciones concretas.<\/p>\n\n\n\n<p>Por su parte, el subsecretario de Desarrollo Urbano de la SEDUMA, Fernando Daniel P\u00e1ez Su\u00e1rez, subray\u00f3 el compromiso del gobierno en la promoci\u00f3n de temas esenciales para las ciudades de Tamaulipas, con el objetivo de marcar la pauta en pol\u00edticas de gesti\u00f3n ambiental y urbana, aplicando con mayor el debido rigor t\u00e9cnico la aplicaci\u00f3n de la de asentamientos humanos, ordenamiento territorial y desarrollo urbano, as\u00ed como la ley de cambio clim\u00e1tico.<\/p>\n\n\n\n<p>A\u00f1adi\u00f3 que la movilidad es un tema central de discusi\u00f3n, debido a que en los \u00faltimos 20 a\u00f1os se ha incrementado en un 40% la circulaci\u00f3n de veh\u00edculos particulares, por lo que es importante abordar de manera transversal la planificaci\u00f3n urbana, la seguridad vial y el transporte.<\/p>\n\n\n\n<p>P\u00e1ez Su\u00e1rez destac\u00f3 que, desde sus atribuciones, la promoci\u00f3n de la salud p\u00fablica depende de condiciones que fomenten el desplazamiento a pie y la inversi\u00f3n en sistemas de transporte seguros, accesibles y sostenibles, con el objetivo de fomentar una mayor actividad f\u00edsica en las personas y reducir significativamente las emisiones de contaminantes.<\/p>\n\n\n\n<p>En el Primer Encuentro del D\u00eda Mundial del Urbanismo: Desarrollo de Ciudades, particip\u00f3 Daniel Enrique P\u00e9rez Torres, director general de Consultor\u00eda en Planeaci\u00f3n, Desarrollo y Territorio, S.C. con la conferencia magistral \u201cNueva delimitaci\u00f3n de zonas metropolitanas\u201d y el taller \u201cTemas relevantes de las zonas metropolitanas tamaulipecas\u201d.<\/p>\n\n\n\n<p>Adem\u00e1s, en el panel \u201cTransporte P\u00fablico y Movilidad Activa\u201d abordaron el tema Sergio Andrade Ochoa, l\u00edder de Estrategia Misi\u00f3n Cero; Adri\u00e1n Espronceda Galv\u00e1n, gerente de Infraestructura y Gobierno de CEMEX; Bernardo Baranda Sep\u00falveda, del Instituto de Pol\u00edticas para el Transporte y el Desarrollo y Am\u00edlcar Hern\u00e1ndez \u00c1lvarez, representante del Consejo Estatal de Prevenci\u00f3n de Accidentes.<\/p>\n","protected":false},"excerpt":{"rendered":"<p>-En el marco del D\u00eda Mundial del Urbanismo, la SEDUMA organiz\u00f3 un foro para abordar los desaf\u00edos de centros urbanos Por: Agencias Ciudad Victoria, Tamaulipas.- Ante el crecimiento exponencial de la poblaci\u00f3n en las principales ciudades derivado de la migraci\u00f3n rural a urbana, Tamaulipas ya trabaja con una visi\u00f3n de planificaci\u00f3n urbana que permita tener &hellip;<\/p>\n","protected":false},"author":1,"featured_media":3789,"comment_status":"open","ping_status":"open","sticky":false,"template":"","format":"standard","meta":{"footnotes":""},"categories":[1],"tags":[],"class_list":["post-3788","post","type-post","status-publish","format-standard","has-post-thumbnail","","category-sin-categoria"],"_links":{"self":[{"href":"https:\/\/www.radiointeractivo.com.mx\/index.php?rest_route=\/wp\/v2\/posts\/3788","targetHints":{"allow":["GET"]}}],"collection":[{"href":"https:\/\/www.radiointeractivo.com.mx\/index.php?rest_route=\/wp\/v2\/posts"}],"about":[{"href":"https:\/\/www.radiointeractivo.com.mx\/index.php?rest_route=\/wp\/v2\/types\/post"}],"author":[{"embeddable":true,"href":"https:\/\/www.radiointeractivo.com.mx\/index.php?rest_route=\/wp\/v2\/users\/1"}],"replies":[{"embeddable":true,"href":"https:\/\/www.radiointeractivo.com.mx\/index.php?rest_route=%2Fwp%2Fv2%2Fcomments&post=3788"}],"version-history":[{"count":1,"href":"https:\/\/www.radiointeractivo.com.mx\/index.php?rest_route=\/wp\/v2\/posts\/3788\/revisions"}],"predecessor-version":[{"id":3790,"href":"https:\/\/www.radiointeractivo.com.mx\/index.php?rest_route=\/wp\/v2\/posts\/3788\/revisions\/3790"}],"wp:featuredmedia":[{"embeddable":true,"href":"https:\/\/www.radiointeractivo.com.mx\/index.php?rest_route=\/wp\/v2\/media\/3789"}],"wp:attachment":[{"href":"https:\/\/www.radiointeractivo.com.mx\/index.php?rest_route=%2Fwp%2Fv2%2Fmedia&parent=3788"}],"wp:term":[{"taxonomy":"category","embeddable":true,"href":"https:\/\/www.radiointeractivo.com.mx\/index.php?rest_route=%2Fwp%2Fv2%2Fcategories&post=3788"},{"taxonomy":"post_tag","embeddable":true,"href":"https:\/\/www.radiointeractivo.com.mx\/index.php?rest_route=%2Fwp%2Fv2%2Ftags&post=3788"}],"curies":[{"name":"wp","href":"https:\/\/api.w.org\/{rel}","templated":true}]}}