{"id":3782,"date":"2023-11-09T11:30:36","date_gmt":"2023-11-09T17:30:36","guid":{"rendered":"https:\/\/www.radiointeractivo.com.mx\/?p=3782"},"modified":"2023-11-09T11:30:37","modified_gmt":"2023-11-09T17:30:37","slug":"tamaulipas-sede-de-entrega-de-reconocimientos-a-la-practica-educativa-y-del-foro-regional-de-intercambio-de-experiencias-pedagogicas","status":"publish","type":"post","link":"https:\/\/www.radiointeractivo.com.mx\/?p=3782","title":{"rendered":"Tamaulipas sede de entrega de Reconocimientos a la Pr\u00e1ctica Educativa y del Foro Regional de Intercambio de Experiencias Pedag\u00f3gicas"},"content":{"rendered":"\n<figure class=\"wp-block-image size-large\"><img loading=\"lazy\" decoding=\"async\" width=\"1024\" height=\"682\" src=\"https:\/\/www.radiointeractivo.com.mx\/wp-content\/uploads\/2023\/11\/WhatsApp-Image-2023-11-08-at-4.05.26-PM-1024x682.jpeg\" alt=\"\" class=\"wp-image-3783\" srcset=\"https:\/\/www.radiointeractivo.com.mx\/wp-content\/uploads\/2023\/11\/WhatsApp-Image-2023-11-08-at-4.05.26-PM-1024x682.jpeg 1024w, https:\/\/www.radiointeractivo.com.mx\/wp-content\/uploads\/2023\/11\/WhatsApp-Image-2023-11-08-at-4.05.26-PM-300x200.jpeg 300w, https:\/\/www.radiointeractivo.com.mx\/wp-content\/uploads\/2023\/11\/WhatsApp-Image-2023-11-08-at-4.05.26-PM-768x512.jpeg 768w, https:\/\/www.radiointeractivo.com.mx\/wp-content\/uploads\/2023\/11\/WhatsApp-Image-2023-11-08-at-4.05.26-PM-310x205.jpeg 310w, https:\/\/www.radiointeractivo.com.mx\/wp-content\/uploads\/2023\/11\/WhatsApp-Image-2023-11-08-at-4.05.26-PM.jpeg 1286w\" sizes=\"auto, (max-width: 1024px) 100vw, 1024px\" \/><\/figure>\n\n\n\n<p>-SEP, USICAMM y SET otorgan medallas y reconocimientos a maestras y maestros galardonados por su destacada participaci\u00f3n en la pr\u00e1ctica educativa en el pa\u00eds<\/p>\n\n\n\n<p>Por: Agencia<\/p>\n\n\n\n<p>Tampico, Tamaulipas.- Con la participaci\u00f3n de m\u00e1s de 100 docentes de Aguascalientes, Coahuila, Nuevo Le\u00f3n, San Luis Potos\u00ed y Zacatecas, Tamaulipas fue sede de la entrega de Reconocimientos a la Pr\u00e1ctica Educativa y del Foro Regional de Intercambio de Experiencias, organizado de manera conjunta entre la Secretar\u00eda de Educaci\u00f3n P\u00fablica (SEP) y la Unidad del Sistema Para la Carrera de las Maestras y de los Maestros (USICAMM) y el Gobierno del Estado a trav\u00e9s de la Secretar\u00eda de Educaci\u00f3n de Tamaulipas (SET).<\/p>\n\n\n\n<p>Con la representaci\u00f3n personal del gobernador Am\u00e9rico Villarreal Anaya, la titular de la SET, Luc\u00eda Aim\u00e9 Castillo Pastor, dio la bienvenida a las y los docentes que participaron en las cuatro mesas de trabajo.<\/p>\n\n\n\n<p>\u201cEst\u00e1n aqu\u00ed las maestras y maestros que han destacado por el desarrollo de sus pr\u00e1cticas educativas o estrategias pedag\u00f3gicas creativas, innovadoras y originales, con la finalidad de coadyuvar al cumplimiento del derecho a la educaci\u00f3n de ni\u00f1as, ni\u00f1os, adolescentes y j\u00f3venes de pueblos y comunidades ind\u00edgenas o afromexicanas, migrantes y jornaleros agr\u00edcolas, as\u00ed como la recuperaci\u00f3n de los aprendizajes de los mismos\u201d, expres\u00f3 la secretaria.<\/p>\n\n\n\n<p>Por su parte, la titular del USICAMM, Adela Pi\u00f1a Bernal, agradeci\u00f3 el apoyo del Gobierno de Tamaulipas, para la realizaci\u00f3n de este encuentro magisterial y reconoci\u00f3 el trabajo del gobernador Am\u00e9rico Villarreal Anaya, por impulsar iniciativas que favorecen la transformaci\u00f3n del sector educativo y contribuir con la revalorizaci\u00f3n de las y los docentes, sum\u00e1ndose a las pol\u00edticas educativas que promueve el gobierno que encabeza el presidente de M\u00e9xico, Andr\u00e9s Manuel L\u00f3pez Obrador.<\/p>\n\n\n\n<p>Al hacer uso de la palabra, la secretaria de Educaci\u00f3n, Luc\u00eda Aim\u00e9 Castillo Pastor, agradeci\u00f3 a la secretaria de Educaci\u00f3n P\u00fablica en el pa\u00eds, Leticia Ram\u00edrez Amaya, y al USICAMM por su confianza en Tamaulipas, para ser sede de la entrega de medallas y reconocimientos a las y los docentes de los seis estados, obtenidos por sus pr\u00e1cticas educativas que, mediante la innovaci\u00f3n y la creatividad destacan en el apoyo para la mejora del cumplimiento del logro acad\u00e9mico por parte de las y los estudiantes.<\/p>\n\n\n\n<p>Al concluir el foro, se coincidi\u00f3 que gracias al intercambio de estas buenas pr\u00e1cticas escolares se valora y comparte el saber pedag\u00f3gico del docente, por lo que es importante seguir con la promoci\u00f3n de este tipo de espacios participativos que garantizan mejores aprendizajes a las y los alumnos, resaltando que estas estrategias educativas posibilitan los procesos de ense\u00f1anza, el trabajo socioemocional y transversal como fundamentos prioritarios en la formaci\u00f3n de ni\u00f1as, ni\u00f1os, adolescentes y j\u00f3venes, obteniendo finalmente la consecuci\u00f3n de los aprendizajes.<\/p>\n","protected":false},"excerpt":{"rendered":"<p>-SEP, USICAMM y SET otorgan medallas y reconocimientos a maestras y maestros galardonados por su destacada participaci\u00f3n en la pr\u00e1ctica educativa en el pa\u00eds Por: Agencia Tampico, Tamaulipas.- Con la participaci\u00f3n de m\u00e1s de 100 docentes de Aguascalientes, Coahuila, Nuevo Le\u00f3n, San Luis Potos\u00ed y Zacatecas, Tamaulipas fue sede de la entrega de Reconocimientos a &hellip;<\/p>\n","protected":false},"author":1,"featured_media":3783,"comment_status":"open","ping_status":"open","sticky":false,"template":"","format":"standard","meta":{"footnotes":""},"categories":[39],"tags":[],"class_list":["post-3782","post","type-post","status-publish","format-standard","has-post-thumbnail","","category-tamaulipas"],"_links":{"self":[{"href":"https:\/\/www.radiointeractivo.com.mx\/index.php?rest_route=\/wp\/v2\/posts\/3782","targetHints":{"allow":["GET"]}}],"collection":[{"href":"https:\/\/www.radiointeractivo.com.mx\/index.php?rest_route=\/wp\/v2\/posts"}],"about":[{"href":"https:\/\/www.radiointeractivo.com.mx\/index.php?rest_route=\/wp\/v2\/types\/post"}],"author":[{"embeddable":true,"href":"https:\/\/www.radiointeractivo.com.mx\/index.php?rest_route=\/wp\/v2\/users\/1"}],"replies":[{"embeddable":true,"href":"https:\/\/www.radiointeractivo.com.mx\/index.php?rest_route=%2Fwp%2Fv2%2Fcomments&post=3782"}],"version-history":[{"count":1,"href":"https:\/\/www.radiointeractivo.com.mx\/index.php?rest_route=\/wp\/v2\/posts\/3782\/revisions"}],"predecessor-version":[{"id":3784,"href":"https:\/\/www.radiointeractivo.com.mx\/index.php?rest_route=\/wp\/v2\/posts\/3782\/revisions\/3784"}],"wp:featuredmedia":[{"embeddable":true,"href":"https:\/\/www.radiointeractivo.com.mx\/index.php?rest_route=\/wp\/v2\/media\/3783"}],"wp:attachment":[{"href":"https:\/\/www.radiointeractivo.com.mx\/index.php?rest_route=%2Fwp%2Fv2%2Fmedia&parent=3782"}],"wp:term":[{"taxonomy":"category","embeddable":true,"href":"https:\/\/www.radiointeractivo.com.mx\/index.php?rest_route=%2Fwp%2Fv2%2Fcategories&post=3782"},{"taxonomy":"post_tag","embeddable":true,"href":"https:\/\/www.radiointeractivo.com.mx\/index.php?rest_route=%2Fwp%2Fv2%2Ftags&post=3782"}],"curies":[{"name":"wp","href":"https:\/\/api.w.org\/{rel}","templated":true}]}}