{"id":3769,"date":"2023-11-08T22:00:23","date_gmt":"2023-11-09T04:00:23","guid":{"rendered":"https:\/\/www.radiointeractivo.com.mx\/?p=3769"},"modified":"2023-11-08T22:00:24","modified_gmt":"2023-11-09T04:00:24","slug":"continua-apoyo-de-tamaulipas-a-guerrero","status":"publish","type":"post","link":"https:\/\/www.radiointeractivo.com.mx\/?p=3769","title":{"rendered":"Contin\u00faa apoyo de Tamaulipas a Guerrero"},"content":{"rendered":"\n<figure class=\"wp-block-image size-large\"><img loading=\"lazy\" decoding=\"async\" width=\"1024\" height=\"682\" src=\"https:\/\/www.radiointeractivo.com.mx\/wp-content\/uploads\/2023\/11\/WhatsApp-Image-2023-11-08-at-1.47.58-PM-1024x682.jpeg\" alt=\"\" class=\"wp-image-3770\" srcset=\"https:\/\/www.radiointeractivo.com.mx\/wp-content\/uploads\/2023\/11\/WhatsApp-Image-2023-11-08-at-1.47.58-PM-1024x682.jpeg 1024w, https:\/\/www.radiointeractivo.com.mx\/wp-content\/uploads\/2023\/11\/WhatsApp-Image-2023-11-08-at-1.47.58-PM-300x200.jpeg 300w, https:\/\/www.radiointeractivo.com.mx\/wp-content\/uploads\/2023\/11\/WhatsApp-Image-2023-11-08-at-1.47.58-PM-768x512.jpeg 768w, https:\/\/www.radiointeractivo.com.mx\/wp-content\/uploads\/2023\/11\/WhatsApp-Image-2023-11-08-at-1.47.58-PM-1536x1023.jpeg 1536w, https:\/\/www.radiointeractivo.com.mx\/wp-content\/uploads\/2023\/11\/WhatsApp-Image-2023-11-08-at-1.47.58-PM-310x205.jpeg 310w, https:\/\/www.radiointeractivo.com.mx\/wp-content\/uploads\/2023\/11\/WhatsApp-Image-2023-11-08-at-1.47.58-PM.jpeg 1600w\" sizes=\"auto, (max-width: 1024px) 100vw, 1024px\" \/><\/figure>\n\n\n\n<p>-Gobernador env\u00eda herramientas para las tareas de rehabilitaci\u00f3n<\/p>\n\n\n\n<p>Por: Agencias<\/p>\n\n\n\n<p>Ciudad Victoria, Tamaulipas.- El Gobierno de Tamaulipas contin\u00faa apoyando a los damnificados por el hurac\u00e1n Otis, en el estado de Guerrero, y en esta ocasi\u00f3n el gobernador Am\u00e9rico Villarreal Anaya dio el banderazo de salida al env\u00edo de un paquete de herramientas a fin de contribuir a las tareas de rehabilitaci\u00f3n de las \u00e1reas afectadas en aquella entidad.<\/p>\n\n\n\n<p>Acompa\u00f1ado por el secretario general de Gobierno, H\u00e9ctor Joel Villegas Gonz\u00e1lez, el gobernador supervis\u00f3 el paquete de motosierras que en las pr\u00f3ximas horas llegar\u00e1n a Guerrero, sum\u00e1ndose a los apoyos con despensas y las pipas de agua, enviadas previamente.<\/p>\n\n\n\n<p>\u201cTamaulipas contin\u00faa enviando su apoyo al estado hermano de Guerrero. Hemos enviado suministros alimenticios, pipas de agua y en esta ocasi\u00f3n, estamos proporcionando motosierras que son necesarias\u201d , expres\u00f3 el gobernador y agreg\u00f3 que los tres centros de acopio instalados en esta capital contin\u00faan con las tareas de recolecci\u00f3n de v\u00edveres y herramientas.<\/p>\n\n\n\n<p>\u201cTamaulipas fue el primero en llegar con apoyo y continuaremos haci\u00e9ndolo. Los invitamos a seguir apoyando esta causa, llevando alimentos no perecederos a los distintos centros de acopio\u201d, manifest\u00f3.<\/p>\n","protected":false},"excerpt":{"rendered":"<p>-Gobernador env\u00eda herramientas para las tareas de rehabilitaci\u00f3n Por: Agencias Ciudad Victoria, Tamaulipas.- El Gobierno de Tamaulipas contin\u00faa apoyando a los damnificados por el hurac\u00e1n Otis, en el estado de Guerrero, y en esta ocasi\u00f3n el gobernador Am\u00e9rico Villarreal Anaya dio el banderazo de salida al env\u00edo de un paquete de herramientas a fin de &hellip;<\/p>\n","protected":false},"author":1,"featured_media":3770,"comment_status":"open","ping_status":"open","sticky":false,"template":"","format":"standard","meta":{"footnotes":""},"categories":[39],"tags":[],"class_list":["post-3769","post","type-post","status-publish","format-standard","has-post-thumbnail","","category-tamaulipas"],"_links":{"self":[{"href":"https:\/\/www.radiointeractivo.com.mx\/index.php?rest_route=\/wp\/v2\/posts\/3769","targetHints":{"allow":["GET"]}}],"collection":[{"href":"https:\/\/www.radiointeractivo.com.mx\/index.php?rest_route=\/wp\/v2\/posts"}],"about":[{"href":"https:\/\/www.radiointeractivo.com.mx\/index.php?rest_route=\/wp\/v2\/types\/post"}],"author":[{"embeddable":true,"href":"https:\/\/www.radiointeractivo.com.mx\/index.php?rest_route=\/wp\/v2\/users\/1"}],"replies":[{"embeddable":true,"href":"https:\/\/www.radiointeractivo.com.mx\/index.php?rest_route=%2Fwp%2Fv2%2Fcomments&post=3769"}],"version-history":[{"count":1,"href":"https:\/\/www.radiointeractivo.com.mx\/index.php?rest_route=\/wp\/v2\/posts\/3769\/revisions"}],"predecessor-version":[{"id":3771,"href":"https:\/\/www.radiointeractivo.com.mx\/index.php?rest_route=\/wp\/v2\/posts\/3769\/revisions\/3771"}],"wp:featuredmedia":[{"embeddable":true,"href":"https:\/\/www.radiointeractivo.com.mx\/index.php?rest_route=\/wp\/v2\/media\/3770"}],"wp:attachment":[{"href":"https:\/\/www.radiointeractivo.com.mx\/index.php?rest_route=%2Fwp%2Fv2%2Fmedia&parent=3769"}],"wp:term":[{"taxonomy":"category","embeddable":true,"href":"https:\/\/www.radiointeractivo.com.mx\/index.php?rest_route=%2Fwp%2Fv2%2Fcategories&post=3769"},{"taxonomy":"post_tag","embeddable":true,"href":"https:\/\/www.radiointeractivo.com.mx\/index.php?rest_route=%2Fwp%2Fv2%2Ftags&post=3769"}],"curies":[{"name":"wp","href":"https:\/\/api.w.org\/{rel}","templated":true}]}}