{"id":3743,"date":"2023-11-08T13:22:04","date_gmt":"2023-11-08T19:22:04","guid":{"rendered":"https:\/\/www.radiointeractivo.com.mx\/?p=3743"},"modified":"2023-11-08T13:22:05","modified_gmt":"2023-11-08T19:22:05","slug":"invitan-a-familias-tamaulipecas-a-disfrutar-de-una-noche-especial-en-el-museo-tamux","status":"publish","type":"post","link":"https:\/\/www.radiointeractivo.com.mx\/?p=3743","title":{"rendered":"Invitan a familias tamaulipecas a disfrutar de una noche especial en el Museo TAMUX"},"content":{"rendered":"\n<figure class=\"wp-block-image size-large\"><img loading=\"lazy\" decoding=\"async\" width=\"1024\" height=\"768\" src=\"https:\/\/www.radiointeractivo.com.mx\/wp-content\/uploads\/2023\/11\/WhatsApp-Image-2023-11-08-at-12.01.26-PM-1024x768.jpeg\" alt=\"\" class=\"wp-image-3744\" srcset=\"https:\/\/www.radiointeractivo.com.mx\/wp-content\/uploads\/2023\/11\/WhatsApp-Image-2023-11-08-at-12.01.26-PM-1024x768.jpeg 1024w, https:\/\/www.radiointeractivo.com.mx\/wp-content\/uploads\/2023\/11\/WhatsApp-Image-2023-11-08-at-12.01.26-PM-300x225.jpeg 300w, https:\/\/www.radiointeractivo.com.mx\/wp-content\/uploads\/2023\/11\/WhatsApp-Image-2023-11-08-at-12.01.26-PM-768x576.jpeg 768w, https:\/\/www.radiointeractivo.com.mx\/wp-content\/uploads\/2023\/11\/WhatsApp-Image-2023-11-08-at-12.01.26-PM-1536x1152.jpeg 1536w, https:\/\/www.radiointeractivo.com.mx\/wp-content\/uploads\/2023\/11\/WhatsApp-Image-2023-11-08-at-12.01.26-PM.jpeg 1600w\" sizes=\"auto, (max-width: 1024px) 100vw, 1024px\" \/><\/figure>\n\n\n\n<p>-La Comisi\u00f3n de Parques y Biodiversidad de Tamaulipas organiza un encuentro con el pasado, presente y futuro, que no te debes perder<\/p>\n\n\n\n<p>Por: Agencias<\/p>\n\n\n\n<p>Ciudad Victoria, Tamaulipas. &#8211; La Comisi\u00f3n de Parques y Biodiversidad de Tamaulipas, invita a disfrutar de una noche especial en el Museo de Historia Natural (TAMUX), este 10 y 11 de noviembre a partir de las 6 de la tarde y hasta las 11 de la noche.<\/p>\n\n\n\n<p>Con la adquisici\u00f3n de su boleto de entrada, las y los asistentes podr\u00e1n disfrutar de un recorrido nocturno por el TAMUX, acompa\u00f1ado de algunos personajes del pasado que ampliar\u00e1n sus conocimientos de una manera amena y divertida.<\/p>\n\n\n\n<p>Eduardo Rocha Orozco, vocal de la Comisi\u00f3n de Parques y Biodiversidad de Tamaulipas dijo que con estas estrategias interactivas se busca fortalecer la uni\u00f3n familiar y al mismo tiempo el conocimiento.<\/p>\n\n\n\n<p>\u201cQueremos que la gente venga y disfrute estos espacios que son cien por ciento para ellos, adem\u00e1s, estamos preparando otros eventos m\u00e1s para este a\u00f1o, para que toda la familia disfrute de ellos\u201d, refiri\u00f3.<\/p>\n\n\n\n<p>\u201cTal como lo se\u00f1ala el gobernador, Am\u00e9rico Villarreal Anaya, se requiere de una sociedad participativa y colaborativa para mejorar nuestro entorno y as\u00ed incentivar la convivencia familiar\u201d, a\u00f1adi\u00f3.<\/p>\n\n\n\n<p>Concluy\u00f3 que dentro del programa \u00a1Una noche en el Museo!, se podr\u00e1 disfrutar desde m\u00fasica en vivo, teatro, danza y muchas sorpresas m\u00e1s, que se han preparado en las diversas salas del TAMUX, que sorprender\u00e1n a sus visitantes.<\/p>\n","protected":false},"excerpt":{"rendered":"<p>-La Comisi\u00f3n de Parques y Biodiversidad de Tamaulipas organiza un encuentro con el pasado, presente y futuro, que no te debes perder Por: Agencias Ciudad Victoria, Tamaulipas. &#8211; La Comisi\u00f3n de Parques y Biodiversidad de Tamaulipas, invita a disfrutar de una noche especial en el Museo de Historia Natural (TAMUX), este 10 y 11 de &hellip;<\/p>\n","protected":false},"author":1,"featured_media":3744,"comment_status":"open","ping_status":"open","sticky":false,"template":"","format":"standard","meta":{"footnotes":""},"categories":[39],"tags":[],"class_list":["post-3743","post","type-post","status-publish","format-standard","has-post-thumbnail","","category-tamaulipas"],"_links":{"self":[{"href":"https:\/\/www.radiointeractivo.com.mx\/index.php?rest_route=\/wp\/v2\/posts\/3743","targetHints":{"allow":["GET"]}}],"collection":[{"href":"https:\/\/www.radiointeractivo.com.mx\/index.php?rest_route=\/wp\/v2\/posts"}],"about":[{"href":"https:\/\/www.radiointeractivo.com.mx\/index.php?rest_route=\/wp\/v2\/types\/post"}],"author":[{"embeddable":true,"href":"https:\/\/www.radiointeractivo.com.mx\/index.php?rest_route=\/wp\/v2\/users\/1"}],"replies":[{"embeddable":true,"href":"https:\/\/www.radiointeractivo.com.mx\/index.php?rest_route=%2Fwp%2Fv2%2Fcomments&post=3743"}],"version-history":[{"count":1,"href":"https:\/\/www.radiointeractivo.com.mx\/index.php?rest_route=\/wp\/v2\/posts\/3743\/revisions"}],"predecessor-version":[{"id":3745,"href":"https:\/\/www.radiointeractivo.com.mx\/index.php?rest_route=\/wp\/v2\/posts\/3743\/revisions\/3745"}],"wp:featuredmedia":[{"embeddable":true,"href":"https:\/\/www.radiointeractivo.com.mx\/index.php?rest_route=\/wp\/v2\/media\/3744"}],"wp:attachment":[{"href":"https:\/\/www.radiointeractivo.com.mx\/index.php?rest_route=%2Fwp%2Fv2%2Fmedia&parent=3743"}],"wp:term":[{"taxonomy":"category","embeddable":true,"href":"https:\/\/www.radiointeractivo.com.mx\/index.php?rest_route=%2Fwp%2Fv2%2Fcategories&post=3743"},{"taxonomy":"post_tag","embeddable":true,"href":"https:\/\/www.radiointeractivo.com.mx\/index.php?rest_route=%2Fwp%2Fv2%2Ftags&post=3743"}],"curies":[{"name":"wp","href":"https:\/\/api.w.org\/{rel}","templated":true}]}}