{"id":3737,"date":"2023-11-08T13:15:52","date_gmt":"2023-11-08T19:15:52","guid":{"rendered":"https:\/\/www.radiointeractivo.com.mx\/?p=3737"},"modified":"2023-11-08T13:15:54","modified_gmt":"2023-11-08T19:15:54","slug":"capacita-contraloria-gubernamental-comites-de-contraloria-social-de-la-set","status":"publish","type":"post","link":"https:\/\/www.radiointeractivo.com.mx\/?p=3737","title":{"rendered":"Capacita Contralor\u00eda Gubernamental Comit\u00e9s de Contralor\u00eda Social de la SET"},"content":{"rendered":"\n<figure class=\"wp-block-image size-large\"><img loading=\"lazy\" decoding=\"async\" width=\"1024\" height=\"533\" src=\"https:\/\/www.radiointeractivo.com.mx\/wp-content\/uploads\/2023\/11\/WhatsApp-Image-2023-11-08-at-10.22.06-AM-1024x533.jpeg\" alt=\"\" class=\"wp-image-3738\" srcset=\"https:\/\/www.radiointeractivo.com.mx\/wp-content\/uploads\/2023\/11\/WhatsApp-Image-2023-11-08-at-10.22.06-AM-1024x533.jpeg 1024w, https:\/\/www.radiointeractivo.com.mx\/wp-content\/uploads\/2023\/11\/WhatsApp-Image-2023-11-08-at-10.22.06-AM-300x156.jpeg 300w, https:\/\/www.radiointeractivo.com.mx\/wp-content\/uploads\/2023\/11\/WhatsApp-Image-2023-11-08-at-10.22.06-AM-768x400.jpeg 768w, https:\/\/www.radiointeractivo.com.mx\/wp-content\/uploads\/2023\/11\/WhatsApp-Image-2023-11-08-at-10.22.06-AM-1536x800.jpeg 1536w, https:\/\/www.radiointeractivo.com.mx\/wp-content\/uploads\/2023\/11\/WhatsApp-Image-2023-11-08-at-10.22.06-AM.jpeg 1600w\" sizes=\"auto, (max-width: 1024px) 100vw, 1024px\" \/><\/figure>\n\n\n\n<p>-La participaci\u00f3n ciudadana y la contralor\u00eda social favorecen el desarrollo de la sociedad, al generar canales de integraci\u00f3n entre ciudadanos y gobierno<\/p>\n\n\n\n<p>Por: Agencia Prensa Multimedia<\/p>\n\n\n\n<p>Ciudad Victoria, Tamaulipas. &#8211; La Contralor\u00eda Gubernamental capacita cincuenta y dos Comit\u00e9s de Contralor\u00eda Social, constituidos por la Secretar\u00eda de Educaci\u00f3n con beneficiarios del Programa de Fortalecimiento de los Servicios de Educaci\u00f3n Especial y Expansi\u00f3n de la Educaci\u00f3n Inicial.<\/p>\n\n\n\n<p>Estos comit\u00e9s vigilar\u00e1n la aplicaci\u00f3n de los recursos otorgados por el gobierno federal a los programas de desarrollo social, canalizados a Tamaulipas.<\/p>\n\n\n\n<p>Norma Ang\u00e9lica Pedraza Melo, contralora gubernamental del Estado, ha comentado que el trabajo realizado con la Secretar\u00eda de la Funci\u00f3n P\u00fablica y las instancias ejecutoras de programas, tiene como objetivo, promover y difundir los mecanismos de participaci\u00f3n ciudadana y contralor\u00eda social, en la vigilancia de los recursos p\u00fablicos de los programas federales de desarrollo social efectuados en Tamaulipas.<\/p>\n\n\n\n<p>La funcionaria se\u00f1al\u00f3 que la participaci\u00f3n ciudadana y la contralor\u00eda social favorecen el desarrollo de la sociedad, pues generan canales de integraci\u00f3n entre ciudadanos y gobierno.<\/p>\n\n\n\n<p>Reiter\u00f3 Pedraza Melo que lograr esta sinergia, contribuye a inhibir la discrecionalidad, la corrupci\u00f3n y el uso pol\u00edtico de los recursos y abona a las metas de la presente administraci\u00f3n estatal, que es cumplir con transparencia y rendici\u00f3n de cuentas.<\/p>\n","protected":false},"excerpt":{"rendered":"<p>-La participaci\u00f3n ciudadana y la contralor\u00eda social favorecen el desarrollo de la sociedad, al generar canales de integraci\u00f3n entre ciudadanos y gobierno Por: Agencia Prensa Multimedia Ciudad Victoria, Tamaulipas. &#8211; La Contralor\u00eda Gubernamental capacita cincuenta y dos Comit\u00e9s de Contralor\u00eda Social, constituidos por la Secretar\u00eda de Educaci\u00f3n con beneficiarios del Programa de Fortalecimiento de los &hellip;<\/p>\n","protected":false},"author":1,"featured_media":3738,"comment_status":"open","ping_status":"open","sticky":false,"template":"","format":"standard","meta":{"footnotes":""},"categories":[39],"tags":[],"class_list":["post-3737","post","type-post","status-publish","format-standard","has-post-thumbnail","","category-tamaulipas"],"_links":{"self":[{"href":"https:\/\/www.radiointeractivo.com.mx\/index.php?rest_route=\/wp\/v2\/posts\/3737","targetHints":{"allow":["GET"]}}],"collection":[{"href":"https:\/\/www.radiointeractivo.com.mx\/index.php?rest_route=\/wp\/v2\/posts"}],"about":[{"href":"https:\/\/www.radiointeractivo.com.mx\/index.php?rest_route=\/wp\/v2\/types\/post"}],"author":[{"embeddable":true,"href":"https:\/\/www.radiointeractivo.com.mx\/index.php?rest_route=\/wp\/v2\/users\/1"}],"replies":[{"embeddable":true,"href":"https:\/\/www.radiointeractivo.com.mx\/index.php?rest_route=%2Fwp%2Fv2%2Fcomments&post=3737"}],"version-history":[{"count":1,"href":"https:\/\/www.radiointeractivo.com.mx\/index.php?rest_route=\/wp\/v2\/posts\/3737\/revisions"}],"predecessor-version":[{"id":3739,"href":"https:\/\/www.radiointeractivo.com.mx\/index.php?rest_route=\/wp\/v2\/posts\/3737\/revisions\/3739"}],"wp:featuredmedia":[{"embeddable":true,"href":"https:\/\/www.radiointeractivo.com.mx\/index.php?rest_route=\/wp\/v2\/media\/3738"}],"wp:attachment":[{"href":"https:\/\/www.radiointeractivo.com.mx\/index.php?rest_route=%2Fwp%2Fv2%2Fmedia&parent=3737"}],"wp:term":[{"taxonomy":"category","embeddable":true,"href":"https:\/\/www.radiointeractivo.com.mx\/index.php?rest_route=%2Fwp%2Fv2%2Fcategories&post=3737"},{"taxonomy":"post_tag","embeddable":true,"href":"https:\/\/www.radiointeractivo.com.mx\/index.php?rest_route=%2Fwp%2Fv2%2Ftags&post=3737"}],"curies":[{"name":"wp","href":"https:\/\/api.w.org\/{rel}","templated":true}]}}