{"id":3568,"date":"2023-11-03T13:07:57","date_gmt":"2023-11-03T18:07:57","guid":{"rendered":"https:\/\/www.radiointeractivo.com.mx\/?p=3568"},"modified":"2023-11-03T13:07:58","modified_gmt":"2023-11-03T18:07:58","slug":"celebrando-la-tradicion-festival-de-la-huasteca-tamaulipeca-de-dia-de-muertos","status":"publish","type":"post","link":"https:\/\/www.radiointeractivo.com.mx\/?p=3568","title":{"rendered":"Celebrando la tradici\u00f3n: Festival de la Huasteca Tamaulipeca de D\u00eda de Muertos"},"content":{"rendered":"\n<figure class=\"wp-block-image size-large\"><img loading=\"lazy\" decoding=\"async\" width=\"1024\" height=\"682\" src=\"https:\/\/www.radiointeractivo.com.mx\/wp-content\/uploads\/2023\/11\/WhatsApp-Image-2023-11-03-at-12.28.50-PM-1024x682.jpeg\" alt=\"\" class=\"wp-image-3569\" srcset=\"https:\/\/www.radiointeractivo.com.mx\/wp-content\/uploads\/2023\/11\/WhatsApp-Image-2023-11-03-at-12.28.50-PM-1024x682.jpeg 1024w, https:\/\/www.radiointeractivo.com.mx\/wp-content\/uploads\/2023\/11\/WhatsApp-Image-2023-11-03-at-12.28.50-PM-300x200.jpeg 300w, https:\/\/www.radiointeractivo.com.mx\/wp-content\/uploads\/2023\/11\/WhatsApp-Image-2023-11-03-at-12.28.50-PM-768x512.jpeg 768w, https:\/\/www.radiointeractivo.com.mx\/wp-content\/uploads\/2023\/11\/WhatsApp-Image-2023-11-03-at-12.28.50-PM-1536x1023.jpeg 1536w, https:\/\/www.radiointeractivo.com.mx\/wp-content\/uploads\/2023\/11\/WhatsApp-Image-2023-11-03-at-12.28.50-PM-310x205.jpeg 310w, https:\/\/www.radiointeractivo.com.mx\/wp-content\/uploads\/2023\/11\/WhatsApp-Image-2023-11-03-at-12.28.50-PM.jpeg 1600w\" sizes=\"auto, (max-width: 1024px) 100vw, 1024px\" \/><\/figure>\n\n\n\n<p>Por: Agencias<\/p>\n\n\n\n<p>Ciudad Victoria, Tamaulipas.- El Gobierno del Estado de Tamaulipas, en un esfuerzo conjunto entre la Secretar\u00eda de Turismo, la Secretar\u00eda de Bienestar y el Instituto Tamaulipeco para la Cultura y las Artes (ITCA), se uni\u00f3 para celebrar una de las festividades m\u00e1s emblem\u00e1ticas de M\u00e9xico: el D\u00eda de Muertos. El Festival de la Huasteca Tamaulipeca de D\u00eda de Muertos, que tuvo lugar en Ciudad Victoria, se convirti\u00f3 en un vibrante homenaje a las tradiciones y la cultura de la regi\u00f3n.<\/p>\n\n\n\n<p>Adem\u00e1s de la ofrenda, el festival present\u00f3 una serie de actividades para toda la familia, que incluyeron desfiles de calaveras, concursos de catrinas, m\u00fasica en vivo, danzas tradicionales y una exposici\u00f3n de altares elaborados por artistas locales. Los visitantes tuvieron la oportunidad de degustar la deliciosa comida t\u00edpica de la regi\u00f3n y explorar la artesan\u00eda local en los puestos de mercado.<\/p>\n\n\n\n<p>El Festival se ha convertido en un vibrante testimonio del compromiso del gobernador de Tamaulipas, Am\u00e9rico Villarreal Anaya, con la preservaci\u00f3n y promoci\u00f3n de las ra\u00edces culturales de la regi\u00f3n. Gracias a su liderazgo, este evento anual ha tomado un nuevo impulso, revitalizando tradiciones que durante mucho tiempo estuvieron en peligro de ser olvidadas.<\/p>\n\n\n\n<p>El gobernador Villarreal Anaya trabaja incansablemente para fomentar un sentido de pertenencia y orgullo en la comunidad tamaulipeca. Su visi\u00f3n de revitalizar las tradiciones culturales ha encontrado un eco apasionado en toda la comunidad, que ha respondido de manera entusiasta a la convocatoria de celebrar el D\u00eda de Muertos de una manera aut\u00e9ntica y significativa.<\/p>\n","protected":false},"excerpt":{"rendered":"<p>Por: Agencias Ciudad Victoria, Tamaulipas.- El Gobierno del Estado de Tamaulipas, en un esfuerzo conjunto entre la Secretar\u00eda de Turismo, la Secretar\u00eda de Bienestar y el Instituto Tamaulipeco para la Cultura y las Artes (ITCA), se uni\u00f3 para celebrar una de las festividades m\u00e1s emblem\u00e1ticas de M\u00e9xico: el D\u00eda de Muertos. El Festival de la &hellip;<\/p>\n","protected":false},"author":1,"featured_media":3569,"comment_status":"open","ping_status":"open","sticky":false,"template":"","format":"standard","meta":{"footnotes":""},"categories":[39],"tags":[],"class_list":["post-3568","post","type-post","status-publish","format-standard","has-post-thumbnail","","category-tamaulipas"],"_links":{"self":[{"href":"https:\/\/www.radiointeractivo.com.mx\/index.php?rest_route=\/wp\/v2\/posts\/3568","targetHints":{"allow":["GET"]}}],"collection":[{"href":"https:\/\/www.radiointeractivo.com.mx\/index.php?rest_route=\/wp\/v2\/posts"}],"about":[{"href":"https:\/\/www.radiointeractivo.com.mx\/index.php?rest_route=\/wp\/v2\/types\/post"}],"author":[{"embeddable":true,"href":"https:\/\/www.radiointeractivo.com.mx\/index.php?rest_route=\/wp\/v2\/users\/1"}],"replies":[{"embeddable":true,"href":"https:\/\/www.radiointeractivo.com.mx\/index.php?rest_route=%2Fwp%2Fv2%2Fcomments&post=3568"}],"version-history":[{"count":1,"href":"https:\/\/www.radiointeractivo.com.mx\/index.php?rest_route=\/wp\/v2\/posts\/3568\/revisions"}],"predecessor-version":[{"id":3570,"href":"https:\/\/www.radiointeractivo.com.mx\/index.php?rest_route=\/wp\/v2\/posts\/3568\/revisions\/3570"}],"wp:featuredmedia":[{"embeddable":true,"href":"https:\/\/www.radiointeractivo.com.mx\/index.php?rest_route=\/wp\/v2\/media\/3569"}],"wp:attachment":[{"href":"https:\/\/www.radiointeractivo.com.mx\/index.php?rest_route=%2Fwp%2Fv2%2Fmedia&parent=3568"}],"wp:term":[{"taxonomy":"category","embeddable":true,"href":"https:\/\/www.radiointeractivo.com.mx\/index.php?rest_route=%2Fwp%2Fv2%2Fcategories&post=3568"},{"taxonomy":"post_tag","embeddable":true,"href":"https:\/\/www.radiointeractivo.com.mx\/index.php?rest_route=%2Fwp%2Fv2%2Ftags&post=3568"}],"curies":[{"name":"wp","href":"https:\/\/api.w.org\/{rel}","templated":true}]}}