{"id":3512,"date":"2023-11-02T10:55:49","date_gmt":"2023-11-02T15:55:49","guid":{"rendered":"https:\/\/www.radiointeractivo.com.mx\/?p=3512"},"modified":"2023-11-02T10:55:50","modified_gmt":"2023-11-02T15:55:50","slug":"trabajadores-agricolas-beneficiados-con-programa-de-movilidad-laboral-interna-a-tula","status":"publish","type":"post","link":"https:\/\/www.radiointeractivo.com.mx\/?p=3512","title":{"rendered":"Trabajadores agr\u00edcolas beneficiados con Programa de Movilidad Laboral Interna a Tula"},"content":{"rendered":"\n<figure class=\"wp-block-image size-large\"><img loading=\"lazy\" decoding=\"async\" width=\"1024\" height=\"576\" src=\"https:\/\/www.radiointeractivo.com.mx\/wp-content\/uploads\/2023\/11\/WhatsApp-Image-2023-11-01-at-9.02.45-PM-1024x576.jpeg\" alt=\"\" class=\"wp-image-3513\" srcset=\"https:\/\/www.radiointeractivo.com.mx\/wp-content\/uploads\/2023\/11\/WhatsApp-Image-2023-11-01-at-9.02.45-PM-1024x576.jpeg 1024w, https:\/\/www.radiointeractivo.com.mx\/wp-content\/uploads\/2023\/11\/WhatsApp-Image-2023-11-01-at-9.02.45-PM-300x169.jpeg 300w, https:\/\/www.radiointeractivo.com.mx\/wp-content\/uploads\/2023\/11\/WhatsApp-Image-2023-11-01-at-9.02.45-PM-768x432.jpeg 768w, https:\/\/www.radiointeractivo.com.mx\/wp-content\/uploads\/2023\/11\/WhatsApp-Image-2023-11-01-at-9.02.45-PM-1536x864.jpeg 1536w, https:\/\/www.radiointeractivo.com.mx\/wp-content\/uploads\/2023\/11\/WhatsApp-Image-2023-11-01-at-9.02.45-PM.jpeg 1599w\" sizes=\"auto, (max-width: 1024px) 100vw, 1024px\" \/><\/figure>\n\n\n\n<p>-Se logr\u00f3 la colocaci\u00f3n de 23 personas en labores agr\u00edcolas, gracias al Servicio Nacional del Empleo: Olga Sosa Ru\u00edz<\/p>\n\n\n\n<p>Por: Agencias<\/p>\n\n\n\n<p>Tula, Tamaulipas.- La Secretar\u00eda del Trabajo del Gobierno de Am\u00e9rico Villarreal Anaya, a trav\u00e9s del Servicio Nacional del Empleo benefici\u00f3 a 23 trabajadores agr\u00edcolas en la empresa VALHPAC en Tula, Tamaulipas, como parte del Programa de Movilidad Laboral Interna que garantiza oportunidades laborales dignas. La empresa se dedica a la producci\u00f3n y empaque de hortalizas de tomate y pepino.<\/p>\n\n\n\n<p>En representaci\u00f3n de la secretaria del Trabajo y Previsi\u00f3n Social, Olga Patricia Sosa Ru\u00edz, asisti\u00f3 Leonel Tavares director del Servicio Nacional del Empleo en Tamaulipas, qui\u00e9n inform\u00f3 que este evento se realiz\u00f3 en la empresa Valores Hort\u00edcolas del Pac\u00edfico, localizada en el ejido San Pablo perteneciente a Tula, en la que se explic\u00f3 el programa y se pudo realizar la integraci\u00f3n de expedientes de 23 trabajadores agr\u00edcolas por parte de las autoridades de gobierno.<\/p>\n\n\n\n<p>El funcionario felicit\u00f3 a estas 23 personas beneficiadas que en adelante contar\u00e1n con un trabajo digno y con la protecci\u00f3n a sus derechos laborales y explic\u00f3 que son personas originarias y residentes de Bustamante pero que, gracias al Programa de Movilidad Laboral Interna, se establecen los convenios para que puedan trabajar desplaz\u00e1ndose en entidades federativas, municipios o localidades distintas a su lugar de residencia, bajo condiciones seguras y con certidumbre legal.<\/p>\n\n\n\n<p>Leonel Tavares, se\u00f1al\u00f3 que para la secretaria del Trabajo y Previsi\u00f3n Social Olga Patricia Sosa Ru\u00edz, es muy importante estas actividades que brindan empleo a personas que buscan una mejor calidad de vida para sus familias y que por eso las y los trabajadores agr\u00edcolas de Tamaulipas, as\u00ed como de otras actividades laborales, cuentan con el respaldo del gobierno de Am\u00e9rico Villarreal Anaya, a trav\u00e9s de esta dependencia y del Servicio Nacional del Empleo.<\/p>\n","protected":false},"excerpt":{"rendered":"<p>-Se logr\u00f3 la colocaci\u00f3n de 23 personas en labores agr\u00edcolas, gracias al Servicio Nacional del Empleo: Olga Sosa Ru\u00edz Por: Agencias Tula, Tamaulipas.- La Secretar\u00eda del Trabajo del Gobierno de Am\u00e9rico Villarreal Anaya, a trav\u00e9s del Servicio Nacional del Empleo benefici\u00f3 a 23 trabajadores agr\u00edcolas en la empresa VALHPAC en Tula, Tamaulipas, como parte del &hellip;<\/p>\n","protected":false},"author":1,"featured_media":3513,"comment_status":"open","ping_status":"open","sticky":false,"template":"","format":"standard","meta":{"footnotes":""},"categories":[39],"tags":[],"class_list":["post-3512","post","type-post","status-publish","format-standard","has-post-thumbnail","","category-tamaulipas"],"_links":{"self":[{"href":"https:\/\/www.radiointeractivo.com.mx\/index.php?rest_route=\/wp\/v2\/posts\/3512","targetHints":{"allow":["GET"]}}],"collection":[{"href":"https:\/\/www.radiointeractivo.com.mx\/index.php?rest_route=\/wp\/v2\/posts"}],"about":[{"href":"https:\/\/www.radiointeractivo.com.mx\/index.php?rest_route=\/wp\/v2\/types\/post"}],"author":[{"embeddable":true,"href":"https:\/\/www.radiointeractivo.com.mx\/index.php?rest_route=\/wp\/v2\/users\/1"}],"replies":[{"embeddable":true,"href":"https:\/\/www.radiointeractivo.com.mx\/index.php?rest_route=%2Fwp%2Fv2%2Fcomments&post=3512"}],"version-history":[{"count":1,"href":"https:\/\/www.radiointeractivo.com.mx\/index.php?rest_route=\/wp\/v2\/posts\/3512\/revisions"}],"predecessor-version":[{"id":3514,"href":"https:\/\/www.radiointeractivo.com.mx\/index.php?rest_route=\/wp\/v2\/posts\/3512\/revisions\/3514"}],"wp:featuredmedia":[{"embeddable":true,"href":"https:\/\/www.radiointeractivo.com.mx\/index.php?rest_route=\/wp\/v2\/media\/3513"}],"wp:attachment":[{"href":"https:\/\/www.radiointeractivo.com.mx\/index.php?rest_route=%2Fwp%2Fv2%2Fmedia&parent=3512"}],"wp:term":[{"taxonomy":"category","embeddable":true,"href":"https:\/\/www.radiointeractivo.com.mx\/index.php?rest_route=%2Fwp%2Fv2%2Fcategories&post=3512"},{"taxonomy":"post_tag","embeddable":true,"href":"https:\/\/www.radiointeractivo.com.mx\/index.php?rest_route=%2Fwp%2Fv2%2Ftags&post=3512"}],"curies":[{"name":"wp","href":"https:\/\/api.w.org\/{rel}","templated":true}]}}