{"id":3444,"date":"2023-10-31T22:45:51","date_gmt":"2023-11-01T03:45:51","guid":{"rendered":"https:\/\/www.radiointeractivo.com.mx\/?p=3444"},"modified":"2023-10-31T22:45:52","modified_gmt":"2023-11-01T03:45:52","slug":"concluye-el-mes-rosa-con-la-conferencia-prevencion-deteccion-y-diagnostico-contra-el-cancer-de-mama","status":"publish","type":"post","link":"https:\/\/www.radiointeractivo.com.mx\/?p=3444","title":{"rendered":"Concluye el \u201cMes Rosa\u201d con la conferencia \u201cPrevenci\u00f3n Detecci\u00f3n y Diagn\u00f3stico Contra el C\u00e1ncer de Mama\u201d"},"content":{"rendered":"\n<figure class=\"wp-block-image size-large\"><img loading=\"lazy\" decoding=\"async\" width=\"1024\" height=\"682\" src=\"https:\/\/www.radiointeractivo.com.mx\/wp-content\/uploads\/2023\/10\/WhatsApp-Image-2023-10-31-at-8.26.54-PM-1-1024x682.jpeg\" alt=\"\" class=\"wp-image-3445\" srcset=\"https:\/\/www.radiointeractivo.com.mx\/wp-content\/uploads\/2023\/10\/WhatsApp-Image-2023-10-31-at-8.26.54-PM-1-1024x682.jpeg 1024w, https:\/\/www.radiointeractivo.com.mx\/wp-content\/uploads\/2023\/10\/WhatsApp-Image-2023-10-31-at-8.26.54-PM-1-300x200.jpeg 300w, https:\/\/www.radiointeractivo.com.mx\/wp-content\/uploads\/2023\/10\/WhatsApp-Image-2023-10-31-at-8.26.54-PM-1-768x512.jpeg 768w, https:\/\/www.radiointeractivo.com.mx\/wp-content\/uploads\/2023\/10\/WhatsApp-Image-2023-10-31-at-8.26.54-PM-1-1536x1023.jpeg 1536w, https:\/\/www.radiointeractivo.com.mx\/wp-content\/uploads\/2023\/10\/WhatsApp-Image-2023-10-31-at-8.26.54-PM-1-310x205.jpeg 310w, https:\/\/www.radiointeractivo.com.mx\/wp-content\/uploads\/2023\/10\/WhatsApp-Image-2023-10-31-at-8.26.54-PM-1.jpeg 1600w\" sizes=\"auto, (max-width: 1024px) 100vw, 1024px\" \/><\/figure>\n\n\n\n<p>Por: Agencias<\/p>\n\n\n\n<p>Ciudad Victoria, Tamaulipas.- Con la presentaci\u00f3n de la Conferencia Magistral \u201cPrevenci\u00f3n, Detecci\u00f3n y Diagn\u00f3stico Contra el C\u00e1ncer de Mama\u201d, impartida por el director de la Unidad M\u00e9dica Especializada de Detecci\u00f3n y Diagn\u00f3stico del C\u00e1ncer de Mama (UNEME DEDICAM) Jorge Luis Quintero Salinas, concluy\u00f3 la conmemoraci\u00f3n del \u201cMes Rosa\u201d.<\/p>\n\n\n\n<p>Siendo el objetivo de concientizar e incrementar la atenci\u00f3n de la poblaci\u00f3n para conocer lo signos de alarma y detectar a tiempo el c\u00e1ncer de mama, la Secretar\u00eda de Salud, a trav\u00e9s de la UNEME DEDICAM, realiz\u00f3 esta conferencia magistral en m\u00e1s de 24 dependencias de la entidad, entre p\u00fablicas y privadas, durante el mes de octubre.<\/p>\n\n\n\n<p>Fue en las instalaciones del Hospital Infantil de Tamaulipas, en donde el director, Jes\u00fas Flores Romero, dio la bienvenida a los asistentes y remarc\u00f3 que estas actividades no finalizan con esta conferencia, ya que todos los d\u00edas deben ser \u201crosas\u201d y tener conciencia de lo que representa esta enfermedad, lo importante que es conocer nuestro cuerpo y recordar que la autoexploraci\u00f3n y la prevenci\u00f3n llevan a un tratamiento oportuno.<\/p>\n\n\n\n<p>Por su parte Quintero Salinas, al dar inicio a la conferencia, destac\u00f3 que por instrucci\u00f3n del gobernador Am\u00e9rico Villarreal Anaya y el secretario de Salud, Vicente Joel Hern\u00e1ndez Navarro, la Campa\u00f1a de Prevenci\u00f3n de C\u00e1ncer de Mama se realizar\u00e1 de manera permanente en las instalaciones de la UNEME DEDICAM, ya que la prevenci\u00f3n es muy importante para cualquier ser humano.<\/p>\n\n\n\n<p>Dijo que esta conferencia se present\u00f3 en diferentes comercios y oficinas gubernamentales, pero permanecer\u00e1 y se realizar\u00e1 en cualquier espacio en donde la solicite la sociedad, ya que actividades como esta, &#8220;son para reforzar el compromiso que tenemos con la sociedad y que debemos insistir en que la prevenci\u00f3n y un diagn\u00f3stico oportuno, salva vidas&#8221;.<\/p>\n\n\n\n<p>\u201cSe trata de llevar el mensaje a todos, a los trabajadores, amas de casa, comerciantes, etc\u00e9tera; que no nos olvidemos de nuestra auto atenci\u00f3n y recordarles que la UNEME DEDICAM, tiene a su disposici\u00f3n las mastograf\u00edas, consultas de valoraci\u00f3n, ultrasonidos, biopsias, seguimiento de casos, entre otros servicios y que son gratuitos\u201d, agreg\u00f3.<\/p>\n\n\n\n<p>Reiter\u00f3 que este padecimiento no es exclusivo de las mujeres y que el mensaje tambi\u00e9n est\u00e1 dirigido a la poblaci\u00f3n masculina, ya que es 10 veces m\u00e1s peligroso y uno de los s\u00edntomas, es la presencia de secreci\u00f3n (supuraci\u00f3n) por ello recomend\u00f3 que ante cualquier s\u00edntoma, acudan a cualquier centro de salud o directamente a esta unidad especializada de c\u00e1ncer de mama.<\/p>\n","protected":false},"excerpt":{"rendered":"<p>Por: Agencias Ciudad Victoria, Tamaulipas.- Con la presentaci\u00f3n de la Conferencia Magistral \u201cPrevenci\u00f3n, Detecci\u00f3n y Diagn\u00f3stico Contra el C\u00e1ncer de Mama\u201d, impartida por el director de la Unidad M\u00e9dica Especializada de Detecci\u00f3n y Diagn\u00f3stico del C\u00e1ncer de Mama (UNEME DEDICAM) Jorge Luis Quintero Salinas, concluy\u00f3 la conmemoraci\u00f3n del \u201cMes Rosa\u201d. Siendo el objetivo de concientizar &hellip;<\/p>\n","protected":false},"author":1,"featured_media":3446,"comment_status":"open","ping_status":"open","sticky":false,"template":"","format":"standard","meta":{"footnotes":""},"categories":[39],"tags":[],"class_list":["post-3444","post","type-post","status-publish","format-standard","has-post-thumbnail","","category-tamaulipas"],"_links":{"self":[{"href":"https:\/\/www.radiointeractivo.com.mx\/index.php?rest_route=\/wp\/v2\/posts\/3444","targetHints":{"allow":["GET"]}}],"collection":[{"href":"https:\/\/www.radiointeractivo.com.mx\/index.php?rest_route=\/wp\/v2\/posts"}],"about":[{"href":"https:\/\/www.radiointeractivo.com.mx\/index.php?rest_route=\/wp\/v2\/types\/post"}],"author":[{"embeddable":true,"href":"https:\/\/www.radiointeractivo.com.mx\/index.php?rest_route=\/wp\/v2\/users\/1"}],"replies":[{"embeddable":true,"href":"https:\/\/www.radiointeractivo.com.mx\/index.php?rest_route=%2Fwp%2Fv2%2Fcomments&post=3444"}],"version-history":[{"count":1,"href":"https:\/\/www.radiointeractivo.com.mx\/index.php?rest_route=\/wp\/v2\/posts\/3444\/revisions"}],"predecessor-version":[{"id":3447,"href":"https:\/\/www.radiointeractivo.com.mx\/index.php?rest_route=\/wp\/v2\/posts\/3444\/revisions\/3447"}],"wp:featuredmedia":[{"embeddable":true,"href":"https:\/\/www.radiointeractivo.com.mx\/index.php?rest_route=\/wp\/v2\/media\/3446"}],"wp:attachment":[{"href":"https:\/\/www.radiointeractivo.com.mx\/index.php?rest_route=%2Fwp%2Fv2%2Fmedia&parent=3444"}],"wp:term":[{"taxonomy":"category","embeddable":true,"href":"https:\/\/www.radiointeractivo.com.mx\/index.php?rest_route=%2Fwp%2Fv2%2Fcategories&post=3444"},{"taxonomy":"post_tag","embeddable":true,"href":"https:\/\/www.radiointeractivo.com.mx\/index.php?rest_route=%2Fwp%2Fv2%2Ftags&post=3444"}],"curies":[{"name":"wp","href":"https:\/\/api.w.org\/{rel}","templated":true}]}}