{"id":3435,"date":"2023-10-31T17:42:14","date_gmt":"2023-10-31T22:42:14","guid":{"rendered":"https:\/\/www.radiointeractivo.com.mx\/?p=3435"},"modified":"2023-10-31T17:42:16","modified_gmt":"2023-10-31T22:42:16","slug":"movimiento-ciudadano-abre-puertas-para-todas-y-todos-lanzara-convocatoria-abierta","status":"publish","type":"post","link":"https:\/\/www.radiointeractivo.com.mx\/?p=3435","title":{"rendered":"Movimiento Ciudadano abre puertas para todas y todos, lanzar\u00e1 convocatoria abierta"},"content":{"rendered":"\n<figure class=\"wp-block-image size-large\"><img loading=\"lazy\" decoding=\"async\" width=\"1024\" height=\"576\" src=\"https:\/\/www.radiointeractivo.com.mx\/wp-content\/uploads\/2023\/10\/WhatsApp-Image-2023-10-31-at-10.18.26-AM-1024x576.jpeg\" alt=\"\" class=\"wp-image-3436\" srcset=\"https:\/\/www.radiointeractivo.com.mx\/wp-content\/uploads\/2023\/10\/WhatsApp-Image-2023-10-31-at-10.18.26-AM-1024x576.jpeg 1024w, https:\/\/www.radiointeractivo.com.mx\/wp-content\/uploads\/2023\/10\/WhatsApp-Image-2023-10-31-at-10.18.26-AM-300x169.jpeg 300w, https:\/\/www.radiointeractivo.com.mx\/wp-content\/uploads\/2023\/10\/WhatsApp-Image-2023-10-31-at-10.18.26-AM-768x432.jpeg 768w, https:\/\/www.radiointeractivo.com.mx\/wp-content\/uploads\/2023\/10\/WhatsApp-Image-2023-10-31-at-10.18.26-AM-1536x864.jpeg 1536w, https:\/\/www.radiointeractivo.com.mx\/wp-content\/uploads\/2023\/10\/WhatsApp-Image-2023-10-31-at-10.18.26-AM.jpeg 1600w\" sizes=\"auto, (max-width: 1024px) 100vw, 1024px\" \/><\/figure>\n\n\n\n<p>Por: Agencias | #Reynosa #Tamaulipas #MovimientoCiudadano<\/p>\n\n\n\n<p>Reynosa, Tamaulipas.- Del 13 al 16 de noviembre se abren los registros de Movimiento Ciudadano para que todos aquellos ciudadanos que deseen participar por un cargo de elecci\u00f3n federal como diputados o diputadas, senadores y senadoras.<\/p>\n\n\n\n<p>Juan Carlos Zertuche Romero, Coordinador Estatal de Movimiento Ciudadano en Tamaulipas, mencion\u00f3 que el 12 de ese mismo mes se estar\u00e1 registrando al pre candidato a la presidencia de la rep\u00fablica.<\/p>\n\n\n\n<p>Destac\u00f3 que en la tercera semana de noviembre inician las precampa\u00f1as, por lo que subray\u00f3, \u201cles inform\u00f3 que Movimiento Ciudadano va a llevar acabo precampa\u00f1as en cada una de las candidaturas federales y locales, tenemos ya algunos candidatos en cada uno de los distritos, pero no hay que comer ansias\u201d.<\/p>\n\n\n\n<p>En cada uno de los puestos de elecci\u00f3n popular, asegur\u00f3 el l\u00edder naranja que se tienen a los perfiles adecuados, incluso anuncio que se estar\u00e1n registrando mas de los ocho que se tienen contemplados.<\/p>\n\n\n\n<p>Por ahora reitera que solo queda esperar los tiempos para conocer a los precandidatos, recordando que el 12 de noviembre son los registros a quienes aspiren a la presidencia de la rep\u00fablica y del 13 al 16 de noviembre los de diputados, diputadas, senadores y senadoras.<\/p>\n","protected":false},"excerpt":{"rendered":"<p>Por: Agencias | #Reynosa #Tamaulipas #MovimientoCiudadano Reynosa, Tamaulipas.- Del 13 al 16 de noviembre se abren los registros de Movimiento Ciudadano para que todos aquellos ciudadanos que deseen participar por un cargo de elecci\u00f3n federal como diputados o diputadas, senadores y senadoras. Juan Carlos Zertuche Romero, Coordinador Estatal de Movimiento Ciudadano en Tamaulipas, mencion\u00f3 que &hellip;<\/p>\n","protected":false},"author":1,"featured_media":3436,"comment_status":"open","ping_status":"open","sticky":false,"template":"","format":"standard","meta":{"footnotes":""},"categories":[39],"tags":[],"class_list":["post-3435","post","type-post","status-publish","format-standard","has-post-thumbnail","","category-tamaulipas"],"_links":{"self":[{"href":"https:\/\/www.radiointeractivo.com.mx\/index.php?rest_route=\/wp\/v2\/posts\/3435","targetHints":{"allow":["GET"]}}],"collection":[{"href":"https:\/\/www.radiointeractivo.com.mx\/index.php?rest_route=\/wp\/v2\/posts"}],"about":[{"href":"https:\/\/www.radiointeractivo.com.mx\/index.php?rest_route=\/wp\/v2\/types\/post"}],"author":[{"embeddable":true,"href":"https:\/\/www.radiointeractivo.com.mx\/index.php?rest_route=\/wp\/v2\/users\/1"}],"replies":[{"embeddable":true,"href":"https:\/\/www.radiointeractivo.com.mx\/index.php?rest_route=%2Fwp%2Fv2%2Fcomments&post=3435"}],"version-history":[{"count":1,"href":"https:\/\/www.radiointeractivo.com.mx\/index.php?rest_route=\/wp\/v2\/posts\/3435\/revisions"}],"predecessor-version":[{"id":3437,"href":"https:\/\/www.radiointeractivo.com.mx\/index.php?rest_route=\/wp\/v2\/posts\/3435\/revisions\/3437"}],"wp:featuredmedia":[{"embeddable":true,"href":"https:\/\/www.radiointeractivo.com.mx\/index.php?rest_route=\/wp\/v2\/media\/3436"}],"wp:attachment":[{"href":"https:\/\/www.radiointeractivo.com.mx\/index.php?rest_route=%2Fwp%2Fv2%2Fmedia&parent=3435"}],"wp:term":[{"taxonomy":"category","embeddable":true,"href":"https:\/\/www.radiointeractivo.com.mx\/index.php?rest_route=%2Fwp%2Fv2%2Fcategories&post=3435"},{"taxonomy":"post_tag","embeddable":true,"href":"https:\/\/www.radiointeractivo.com.mx\/index.php?rest_route=%2Fwp%2Fv2%2Ftags&post=3435"}],"curies":[{"name":"wp","href":"https:\/\/api.w.org\/{rel}","templated":true}]}}