{"id":3411,"date":"2023-10-31T15:27:27","date_gmt":"2023-10-31T20:27:27","guid":{"rendered":"https:\/\/www.radiointeractivo.com.mx\/?p=3411"},"modified":"2023-10-31T15:27:28","modified_gmt":"2023-10-31T20:27:28","slug":"nuevo-centro-de-conciliacion-laboral-en-altamira","status":"publish","type":"post","link":"https:\/\/www.radiointeractivo.com.mx\/?p=3411","title":{"rendered":"Nuevo Centro de Conciliaci\u00f3n Laboral en Altamira"},"content":{"rendered":"\n<figure class=\"wp-block-image size-large\"><img loading=\"lazy\" decoding=\"async\" width=\"1024\" height=\"682\" src=\"https:\/\/www.radiointeractivo.com.mx\/wp-content\/uploads\/2023\/10\/WhatsApp-Image-2023-10-30-at-7.44.10-PM-1024x682.jpeg\" alt=\"\" class=\"wp-image-3412\" srcset=\"https:\/\/www.radiointeractivo.com.mx\/wp-content\/uploads\/2023\/10\/WhatsApp-Image-2023-10-30-at-7.44.10-PM-1024x682.jpeg 1024w, https:\/\/www.radiointeractivo.com.mx\/wp-content\/uploads\/2023\/10\/WhatsApp-Image-2023-10-30-at-7.44.10-PM-300x200.jpeg 300w, https:\/\/www.radiointeractivo.com.mx\/wp-content\/uploads\/2023\/10\/WhatsApp-Image-2023-10-30-at-7.44.10-PM-768x512.jpeg 768w, https:\/\/www.radiointeractivo.com.mx\/wp-content\/uploads\/2023\/10\/WhatsApp-Image-2023-10-30-at-7.44.10-PM-1536x1023.jpeg 1536w, https:\/\/www.radiointeractivo.com.mx\/wp-content\/uploads\/2023\/10\/WhatsApp-Image-2023-10-30-at-7.44.10-PM-310x205.jpeg 310w, https:\/\/www.radiointeractivo.com.mx\/wp-content\/uploads\/2023\/10\/WhatsApp-Image-2023-10-30-at-7.44.10-PM.jpeg 1599w\" sizes=\"auto, (max-width: 1024px) 100vw, 1024px\" \/><\/figure>\n\n\n\n<p>-Sesiona Junta de Gobierno y aprueba estados financieros: Olga Sosa Ru\u00edz<\/p>\n\n\n\n<p>Por: Agencias <\/p>\n\n\n\n<p>Ciudad Victoria, Tamaulipas. &#8211; Con la participaci\u00f3n de la secretaria del Trabajo e integrantes de la Junta de Gobierno, el Centro de Conciliaci\u00f3n Laboral de Tamaulipas, realiz\u00f3 su segunda sesi\u00f3n extraordinaria donde se habl\u00f3 sobre los resultados alcanzados durante los primeros 365 d\u00edas de gobierno de Am\u00e9rico Villarreal Anaya.<\/p>\n\n\n\n<p>Olga Sosa Ru\u00edz, titular de la Secretar\u00eda del Trabajo y Previsi\u00f3n Social de Tamaulipas, se refiri\u00f3 al trabajo realizado durante este periodo en el que ha sido parte fundamental, un equipo comprometido que sirve con honestidad y profesionalismo para poder dignificar el derecho humano al trabajo.<\/p>\n\n\n\n<p>Hizo un reconocimiento al manejo que se ha dado a los recursos financieros y la gesti\u00f3n administrativa por parte del equipo que dirige Jos\u00e9 Ives Sober\u00f3n Mej\u00eda, director general del Centro de Conciliaci\u00f3n Laboral de Tamaulipas.<\/p>\n\n\n\n<p>La funcionaria estatal dijo ante los presentes, que en un plazo de 30 d\u00edas ser\u00e1 la apertura del Centro de Conciliaci\u00f3n Unidad Altamira, para sumarse a las seis sedes que existen en todo el estado y en el caso concreto de la zona sur, facilitar la conciliaci\u00f3n del corredor industrial de esta importante zona de Tamaulipas.<\/p>\n\n\n\n<p>En esta segunda sesi\u00f3n extraordinaria, se rindi\u00f3 un informe de actividades del Departamento de Recursos Humanos, as\u00ed como la matriz de indicadores de resultados y presentaci\u00f3n de reportes trimestrales del programa de trabajo de control interno y administraci\u00f3n de riesgos.<\/p>\n\n\n\n<p>En asuntos generales, se habl\u00f3 del seguimiento al proyecto federal &#8220;Proyecto para la creaci\u00f3n, fortalecimiento y\/o mejora de los centros de conciliaci\u00f3n laboral en el estado de Tamaulipas&#8221;.<\/p>\n","protected":false},"excerpt":{"rendered":"<p>-Sesiona Junta de Gobierno y aprueba estados financieros: Olga Sosa Ru\u00edz Por: Agencias Ciudad Victoria, Tamaulipas. &#8211; Con la participaci\u00f3n de la secretaria del Trabajo e integrantes de la Junta de Gobierno, el Centro de Conciliaci\u00f3n Laboral de Tamaulipas, realiz\u00f3 su segunda sesi\u00f3n extraordinaria donde se habl\u00f3 sobre los resultados alcanzados durante los primeros 365 &hellip;<\/p>\n","protected":false},"author":1,"featured_media":3412,"comment_status":"open","ping_status":"open","sticky":false,"template":"","format":"standard","meta":{"footnotes":""},"categories":[39],"tags":[],"class_list":["post-3411","post","type-post","status-publish","format-standard","has-post-thumbnail","","category-tamaulipas"],"_links":{"self":[{"href":"https:\/\/www.radiointeractivo.com.mx\/index.php?rest_route=\/wp\/v2\/posts\/3411","targetHints":{"allow":["GET"]}}],"collection":[{"href":"https:\/\/www.radiointeractivo.com.mx\/index.php?rest_route=\/wp\/v2\/posts"}],"about":[{"href":"https:\/\/www.radiointeractivo.com.mx\/index.php?rest_route=\/wp\/v2\/types\/post"}],"author":[{"embeddable":true,"href":"https:\/\/www.radiointeractivo.com.mx\/index.php?rest_route=\/wp\/v2\/users\/1"}],"replies":[{"embeddable":true,"href":"https:\/\/www.radiointeractivo.com.mx\/index.php?rest_route=%2Fwp%2Fv2%2Fcomments&post=3411"}],"version-history":[{"count":1,"href":"https:\/\/www.radiointeractivo.com.mx\/index.php?rest_route=\/wp\/v2\/posts\/3411\/revisions"}],"predecessor-version":[{"id":3413,"href":"https:\/\/www.radiointeractivo.com.mx\/index.php?rest_route=\/wp\/v2\/posts\/3411\/revisions\/3413"}],"wp:featuredmedia":[{"embeddable":true,"href":"https:\/\/www.radiointeractivo.com.mx\/index.php?rest_route=\/wp\/v2\/media\/3412"}],"wp:attachment":[{"href":"https:\/\/www.radiointeractivo.com.mx\/index.php?rest_route=%2Fwp%2Fv2%2Fmedia&parent=3411"}],"wp:term":[{"taxonomy":"category","embeddable":true,"href":"https:\/\/www.radiointeractivo.com.mx\/index.php?rest_route=%2Fwp%2Fv2%2Fcategories&post=3411"},{"taxonomy":"post_tag","embeddable":true,"href":"https:\/\/www.radiointeractivo.com.mx\/index.php?rest_route=%2Fwp%2Fv2%2Ftags&post=3411"}],"curies":[{"name":"wp","href":"https:\/\/api.w.org\/{rel}","templated":true}]}}