{"id":3408,"date":"2023-10-31T15:26:09","date_gmt":"2023-10-31T20:26:09","guid":{"rendered":"https:\/\/www.radiointeractivo.com.mx\/?p=3408"},"modified":"2023-10-31T15:26:10","modified_gmt":"2023-10-31T20:26:10","slug":"inaugura-secretario-de-salud-curso-hora-dorada-minutos-que-salvan-vidas","status":"publish","type":"post","link":"https:\/\/www.radiointeractivo.com.mx\/?p=3408","title":{"rendered":"Inaugura secretario de Salud curso \u201cHora Dorada, Minutos que Salvan Vidas\u201d"},"content":{"rendered":"\n<figure class=\"wp-block-image size-full\"><img loading=\"lazy\" decoding=\"async\" width=\"987\" height=\"681\" src=\"https:\/\/www.radiointeractivo.com.mx\/wp-content\/uploads\/2023\/10\/WhatsApp-Image-2023-10-30-at-7.24.22-PM.jpeg\" alt=\"\" class=\"wp-image-3409\" srcset=\"https:\/\/www.radiointeractivo.com.mx\/wp-content\/uploads\/2023\/10\/WhatsApp-Image-2023-10-30-at-7.24.22-PM.jpeg 987w, https:\/\/www.radiointeractivo.com.mx\/wp-content\/uploads\/2023\/10\/WhatsApp-Image-2023-10-30-at-7.24.22-PM-300x207.jpeg 300w, https:\/\/www.radiointeractivo.com.mx\/wp-content\/uploads\/2023\/10\/WhatsApp-Image-2023-10-30-at-7.24.22-PM-768x530.jpeg 768w, https:\/\/www.radiointeractivo.com.mx\/wp-content\/uploads\/2023\/10\/WhatsApp-Image-2023-10-30-at-7.24.22-PM-110x75.jpeg 110w\" sizes=\"auto, (max-width: 987px) 100vw, 987px\" \/><\/figure>\n\n\n\n<p>Por: Agencias <\/p>\n\n\n\n<p>Ciudad Victoria, Tamaulipas .- Para unificar criterios de atenci\u00f3n y otorgar un servicio resolutivo al paciente oncol\u00f3gico, el secretario de Salud, Vicente Joel Hern\u00e1ndez Navarro, inaugur\u00f3 los trabajos del curso \u201cHora Dorada, Minutos que Salvan Vidas\u201d, dirigido al personal m\u00e9dico y de enfermer\u00eda de las unidades hospitalarias de la entidad.<\/p>\n\n\n\n<p>Con el objetivo de atender de manera temprana al paciente hemato &#8211; oncol\u00f3gico, que acude al servicio de urgencias por fiebre y neutripenia (disminuci\u00f3n en la cantidad de gl\u00f3bulos blancos y aumenta el riesgo de contraer infecciones), se lleva a cabo este curso en el que participa el personal de admisi\u00f3n, trabajo social, m\u00e9dicos, especialistas, enfermeras, entre otros, quienes deben activar el protocolo para que el paciente sea atendido de forma inmediata, de manera integral y bajo el denominado \u201cC\u00f3digo Dorado\u201d.<\/p>\n\n\n\n<p>\u201cNuestro personal es pieza fundamental para el proceso de transformaci\u00f3n que implementa el gobernador Am\u00e9rico Villarreal Anaya, al sistema de salud en Tamaulipas y para ello se requiere de profesionales certificados y capacitados para otorgar una mejor atenci\u00f3n y con sentido humano\u201d, se\u00f1al\u00f3 el titular de salud durante su participaci\u00f3n.<\/p>\n\n\n\n<p>Dijo que los pacientes oncol\u00f3gicos se deben tratar debidamente y en las condiciones que se requieran para mejorar su calidad de vida, ya que puede complicarse su enfermedad por infecciones, por la inmunosupresi\u00f3n que experimentan por la enfermedad, o bien, durante algunas fases de su tratamiento oncol\u00f3gico.<\/p>\n\n\n\n<p>El c\u00f3digo \u201cHora Dorada\u201d se implementa en pacientes oncol\u00f3gicos que presentan fiebre, como una estrategia de atenci\u00f3n inmediata que permite la administraci\u00f3n oportuna de antibi\u00f3ticos en los primeros 60 minutos de su recepci\u00f3n, 60 minutos cruciales para evitar infecciones y que se encuentran bajo tratamiento de quimioterapia.<\/p>\n\n\n\n<p>Cabe mencionar que actualmente, unidades como el Hospital Infantil de Tamaulipas, atiende a 69 pacientes hemato-oncol\u00f3gicos activos y 62 pacientes en vigilancia, para ello la instrucci\u00f3n es eficientar al recurso humano, las capacidades operativas y de respuesta inmediata.<\/p>\n\n\n\n<p>El evento, que se llev\u00f3 a cabo en las instalaciones de la Universidad La Salle de esta ciudad, se cont\u00f3 con la presencia del subdelegado m\u00e9dico del ISSSTE, Ernesto Lav\u00edn Hern\u00e1ndez; el titular del IMSS, Federico H\u00e9ctor Mar\u00edn Mart\u00ednez; el subsecretario de Atenci\u00f3n M\u00e9dica, Eduardo Mart\u00ednez Bermea; la subsecretaria de Enfermer\u00eda, Irma Barrag\u00e1n Alvarado y el subsecretario de Planeaci\u00f3n y Calidad, Gabriel de la Garza Garza.<\/p>\n","protected":false},"excerpt":{"rendered":"<p>Por: Agencias Ciudad Victoria, Tamaulipas .- Para unificar criterios de atenci\u00f3n y otorgar un servicio resolutivo al paciente oncol\u00f3gico, el secretario de Salud, Vicente Joel Hern\u00e1ndez Navarro, inaugur\u00f3 los trabajos del curso \u201cHora Dorada, Minutos que Salvan Vidas\u201d, dirigido al personal m\u00e9dico y de enfermer\u00eda de las unidades hospitalarias de la entidad. Con el objetivo &hellip;<\/p>\n","protected":false},"author":1,"featured_media":3409,"comment_status":"open","ping_status":"open","sticky":false,"template":"","format":"standard","meta":{"footnotes":""},"categories":[39],"tags":[],"class_list":["post-3408","post","type-post","status-publish","format-standard","has-post-thumbnail","","category-tamaulipas"],"_links":{"self":[{"href":"https:\/\/www.radiointeractivo.com.mx\/index.php?rest_route=\/wp\/v2\/posts\/3408","targetHints":{"allow":["GET"]}}],"collection":[{"href":"https:\/\/www.radiointeractivo.com.mx\/index.php?rest_route=\/wp\/v2\/posts"}],"about":[{"href":"https:\/\/www.radiointeractivo.com.mx\/index.php?rest_route=\/wp\/v2\/types\/post"}],"author":[{"embeddable":true,"href":"https:\/\/www.radiointeractivo.com.mx\/index.php?rest_route=\/wp\/v2\/users\/1"}],"replies":[{"embeddable":true,"href":"https:\/\/www.radiointeractivo.com.mx\/index.php?rest_route=%2Fwp%2Fv2%2Fcomments&post=3408"}],"version-history":[{"count":1,"href":"https:\/\/www.radiointeractivo.com.mx\/index.php?rest_route=\/wp\/v2\/posts\/3408\/revisions"}],"predecessor-version":[{"id":3410,"href":"https:\/\/www.radiointeractivo.com.mx\/index.php?rest_route=\/wp\/v2\/posts\/3408\/revisions\/3410"}],"wp:featuredmedia":[{"embeddable":true,"href":"https:\/\/www.radiointeractivo.com.mx\/index.php?rest_route=\/wp\/v2\/media\/3409"}],"wp:attachment":[{"href":"https:\/\/www.radiointeractivo.com.mx\/index.php?rest_route=%2Fwp%2Fv2%2Fmedia&parent=3408"}],"wp:term":[{"taxonomy":"category","embeddable":true,"href":"https:\/\/www.radiointeractivo.com.mx\/index.php?rest_route=%2Fwp%2Fv2%2Fcategories&post=3408"},{"taxonomy":"post_tag","embeddable":true,"href":"https:\/\/www.radiointeractivo.com.mx\/index.php?rest_route=%2Fwp%2Fv2%2Ftags&post=3408"}],"curies":[{"name":"wp","href":"https:\/\/api.w.org\/{rel}","templated":true}]}}