{"id":3380,"date":"2023-10-30T16:10:17","date_gmt":"2023-10-30T21:10:17","guid":{"rendered":"https:\/\/www.radiointeractivo.com.mx\/?p=3380"},"modified":"2023-10-30T16:10:42","modified_gmt":"2023-10-30T21:10:42","slug":"gobierno-del-estado-otorga-2-y-3-de-noviembre-como-dias-de-asueto-a-servidores-public","status":"publish","type":"post","link":"https:\/\/www.radiointeractivo.com.mx\/?p=3380","title":{"rendered":"Gobierno del Estado otorga 2 y 3 de noviembre como d\u00edas de asueto a servidores p\u00fablicos"},"content":{"rendered":"\n<figure class=\"wp-block-image size-large\"><img loading=\"lazy\" decoding=\"async\" width=\"1024\" height=\"683\" src=\"https:\/\/www.radiointeractivo.com.mx\/wp-content\/uploads\/2023\/10\/WhatsApp-Image-2023-10-25-at-7.56.56-PM-1024x683.jpeg\" alt=\"\" class=\"wp-image-3381\" srcset=\"https:\/\/www.radiointeractivo.com.mx\/wp-content\/uploads\/2023\/10\/WhatsApp-Image-2023-10-25-at-7.56.56-PM-1024x683.jpeg 1024w, https:\/\/www.radiointeractivo.com.mx\/wp-content\/uploads\/2023\/10\/WhatsApp-Image-2023-10-25-at-7.56.56-PM-300x200.jpeg 300w, https:\/\/www.radiointeractivo.com.mx\/wp-content\/uploads\/2023\/10\/WhatsApp-Image-2023-10-25-at-7.56.56-PM-768x512.jpeg 768w, https:\/\/www.radiointeractivo.com.mx\/wp-content\/uploads\/2023\/10\/WhatsApp-Image-2023-10-25-at-7.56.56-PM-1536x1024.jpeg 1536w, https:\/\/www.radiointeractivo.com.mx\/wp-content\/uploads\/2023\/10\/WhatsApp-Image-2023-10-25-at-7.56.56-PM.jpeg 1600w\" sizes=\"auto, (max-width: 1024px) 100vw, 1024px\" \/><\/figure>\n\n\n\n<p>Por: Agencias<\/p>\n\n\n\n<p>Ciudad Victoria, Tamaulipas. &#8211; El secretario de Administraci\u00f3n Jes\u00fas Lav\u00edn Ver\u00e1stegui, inform\u00f3 que de conformidad con el Art\u00edculo 81, fracci\u00f3n IV del Reglamento de las Condiciones Generales de Trabajo, y con motivo del \u201cD\u00eda de los Fieles Difuntos\u201d, el gobernador Am\u00e9rico Villarreal Anaya, autoriz\u00f3 otorgar el d\u00eda de 2 noviembre del a\u00f1o en curso como d\u00eda de asueto, y por petici\u00f3n <a><\/a>del SUTSPET, se autoriz\u00f3 tambi\u00e9n el d\u00eda 3 de noviembre.<\/p>\n\n\n\n<p>Por lo cual, se estar\u00e1 reanudando la actividad laboral en el servicio p\u00fablico el lunes 6 de noviembre.<\/p>\n\n\n\n<p>El titular de la dependencia, se\u00f1al\u00f3 que las oficinas gubernamentales contar\u00e1n con personal de guardia, los d\u00edas antes mencionados, para atender las responsabilidades de cada dependencia.<\/p>\n","protected":false},"excerpt":{"rendered":"<p>Por: Agencias Ciudad Victoria, Tamaulipas. &#8211; El secretario de Administraci\u00f3n Jes\u00fas Lav\u00edn Ver\u00e1stegui, inform\u00f3 que de conformidad con el Art\u00edculo 81, fracci\u00f3n IV del Reglamento de las Condiciones Generales de Trabajo, y con motivo del \u201cD\u00eda de los Fieles Difuntos\u201d, el gobernador Am\u00e9rico Villarreal Anaya, autoriz\u00f3 otorgar el d\u00eda de 2 noviembre del a\u00f1o en &hellip;<\/p>\n","protected":false},"author":1,"featured_media":3381,"comment_status":"open","ping_status":"open","sticky":false,"template":"","format":"standard","meta":{"footnotes":""},"categories":[39],"tags":[],"class_list":["post-3380","post","type-post","status-publish","format-standard","has-post-thumbnail","","category-tamaulipas"],"_links":{"self":[{"href":"https:\/\/www.radiointeractivo.com.mx\/index.php?rest_route=\/wp\/v2\/posts\/3380","targetHints":{"allow":["GET"]}}],"collection":[{"href":"https:\/\/www.radiointeractivo.com.mx\/index.php?rest_route=\/wp\/v2\/posts"}],"about":[{"href":"https:\/\/www.radiointeractivo.com.mx\/index.php?rest_route=\/wp\/v2\/types\/post"}],"author":[{"embeddable":true,"href":"https:\/\/www.radiointeractivo.com.mx\/index.php?rest_route=\/wp\/v2\/users\/1"}],"replies":[{"embeddable":true,"href":"https:\/\/www.radiointeractivo.com.mx\/index.php?rest_route=%2Fwp%2Fv2%2Fcomments&post=3380"}],"version-history":[{"count":2,"href":"https:\/\/www.radiointeractivo.com.mx\/index.php?rest_route=\/wp\/v2\/posts\/3380\/revisions"}],"predecessor-version":[{"id":3384,"href":"https:\/\/www.radiointeractivo.com.mx\/index.php?rest_route=\/wp\/v2\/posts\/3380\/revisions\/3384"}],"wp:featuredmedia":[{"embeddable":true,"href":"https:\/\/www.radiointeractivo.com.mx\/index.php?rest_route=\/wp\/v2\/media\/3381"}],"wp:attachment":[{"href":"https:\/\/www.radiointeractivo.com.mx\/index.php?rest_route=%2Fwp%2Fv2%2Fmedia&parent=3380"}],"wp:term":[{"taxonomy":"category","embeddable":true,"href":"https:\/\/www.radiointeractivo.com.mx\/index.php?rest_route=%2Fwp%2Fv2%2Fcategories&post=3380"},{"taxonomy":"post_tag","embeddable":true,"href":"https:\/\/www.radiointeractivo.com.mx\/index.php?rest_route=%2Fwp%2Fv2%2Ftags&post=3380"}],"curies":[{"name":"wp","href":"https:\/\/api.w.org\/{rel}","templated":true}]}}