{"id":3363,"date":"2023-10-27T16:28:46","date_gmt":"2023-10-27T21:28:46","guid":{"rendered":"https:\/\/www.radiointeractivo.com.mx\/?p=3363"},"modified":"2023-10-27T16:28:47","modified_gmt":"2023-10-27T21:28:47","slug":"respalda-inde-tamaulipas-a-deportistas-tamaulipecos-para-juegos-lasallistas-2023","status":"publish","type":"post","link":"https:\/\/www.radiointeractivo.com.mx\/?p=3363","title":{"rendered":"Respalda INDE Tamaulipas a deportistas tamaulipecos para Juegos Lasallistas 2023"},"content":{"rendered":"\n<figure class=\"wp-block-image size-large\"><img loading=\"lazy\" decoding=\"async\" width=\"1024\" height=\"682\" src=\"https:\/\/www.radiointeractivo.com.mx\/wp-content\/uploads\/2023\/10\/WhatsApp-Image-2023-10-27-at-4.11.33-PM-1024x682.jpeg\" alt=\"\" class=\"wp-image-3364\" srcset=\"https:\/\/www.radiointeractivo.com.mx\/wp-content\/uploads\/2023\/10\/WhatsApp-Image-2023-10-27-at-4.11.33-PM-1024x682.jpeg 1024w, https:\/\/www.radiointeractivo.com.mx\/wp-content\/uploads\/2023\/10\/WhatsApp-Image-2023-10-27-at-4.11.33-PM-300x200.jpeg 300w, https:\/\/www.radiointeractivo.com.mx\/wp-content\/uploads\/2023\/10\/WhatsApp-Image-2023-10-27-at-4.11.33-PM-768x512.jpeg 768w, https:\/\/www.radiointeractivo.com.mx\/wp-content\/uploads\/2023\/10\/WhatsApp-Image-2023-10-27-at-4.11.33-PM-1536x1023.jpeg 1536w, https:\/\/www.radiointeractivo.com.mx\/wp-content\/uploads\/2023\/10\/WhatsApp-Image-2023-10-27-at-4.11.33-PM-310x205.jpeg 310w, https:\/\/www.radiointeractivo.com.mx\/wp-content\/uploads\/2023\/10\/WhatsApp-Image-2023-10-27-at-4.11.33-PM.jpeg 1600w\" sizes=\"auto, (max-width: 1024px) 100vw, 1024px\" \/><\/figure>\n\n\n\n<p>Por: Agencias <\/p>\n\n\n\n<p>Ciudad Victoria, Tamaulipas. &#8211; Funcionarios del Instituto del Deporte participaron en la ceremonia de abanderamiento que realiz\u00f3 la Universidad La Salle de Victoria a la delegaci\u00f3n que representar\u00e1 a este centro educativo en los Juegos Deportivos Lasallistas, a celebrarse en Le\u00f3n, Guanajuato a partir del 2 de noviembre.<\/p>\n\n\n\n<p>El rector de la ULSA Victoria, Guillermo Garc\u00eda L\u00f3pez, realiz\u00f3 el evento de presentaci\u00f3n y abanderamiento, acompa\u00f1ado por Sergio Mart\u00ednez, director de Alto Rendimiento del INDE y Jaime Cuesta, director de Desarrollo del Deporte.<\/p>\n\n\n\n<p>La delegaci\u00f3n de la ULSA Victoria acudir\u00e1 en las disciplinas de f\u00fatbol soccer, f\u00fatbol r\u00e1pido, voleibol de sala, b\u00e1squetbol, ajedrez, tochito y taekwondo, tanto en rama femenil como rama varonil.<\/p>\n\n\n\n<p>Son alrededor de 100 atletas quienes recibieron los uniformes y fueron abanderados para as\u00ed emprender el viaje al Baj\u00edo en pr\u00f3ximos d\u00edas y empezar con su representaci\u00f3n en el evento deportivo m\u00e1s importante que tienen la familia Lasallistas a nivel nacional.<\/p>\n\n\n\n<p>Jaime Cuesta y Sergio Mart\u00ednez tuvieron la oportunidad de dialogar con las autoridades de este centro educativo y adelantaron que trabajar\u00e1n de la mano para que m\u00e1s atletas tamaulipecos tengan la oportunidad de recibir becas deportivas en esta instituci\u00f3n y as\u00ed motivar a los talentos deportivos a que contin\u00faen sus estudios en tierras tamaulipecas y sigan representando a nuestra entidad.<\/p>\n","protected":false},"excerpt":{"rendered":"<p>Por: Agencias Ciudad Victoria, Tamaulipas. &#8211; Funcionarios del Instituto del Deporte participaron en la ceremonia de abanderamiento que realiz\u00f3 la Universidad La Salle de Victoria a la delegaci\u00f3n que representar\u00e1 a este centro educativo en los Juegos Deportivos Lasallistas, a celebrarse en Le\u00f3n, Guanajuato a partir del 2 de noviembre. El rector de la ULSA &hellip;<\/p>\n","protected":false},"author":1,"featured_media":3364,"comment_status":"open","ping_status":"open","sticky":false,"template":"","format":"standard","meta":{"footnotes":""},"categories":[39],"tags":[],"class_list":["post-3363","post","type-post","status-publish","format-standard","has-post-thumbnail","","category-tamaulipas"],"_links":{"self":[{"href":"https:\/\/www.radiointeractivo.com.mx\/index.php?rest_route=\/wp\/v2\/posts\/3363","targetHints":{"allow":["GET"]}}],"collection":[{"href":"https:\/\/www.radiointeractivo.com.mx\/index.php?rest_route=\/wp\/v2\/posts"}],"about":[{"href":"https:\/\/www.radiointeractivo.com.mx\/index.php?rest_route=\/wp\/v2\/types\/post"}],"author":[{"embeddable":true,"href":"https:\/\/www.radiointeractivo.com.mx\/index.php?rest_route=\/wp\/v2\/users\/1"}],"replies":[{"embeddable":true,"href":"https:\/\/www.radiointeractivo.com.mx\/index.php?rest_route=%2Fwp%2Fv2%2Fcomments&post=3363"}],"version-history":[{"count":1,"href":"https:\/\/www.radiointeractivo.com.mx\/index.php?rest_route=\/wp\/v2\/posts\/3363\/revisions"}],"predecessor-version":[{"id":3365,"href":"https:\/\/www.radiointeractivo.com.mx\/index.php?rest_route=\/wp\/v2\/posts\/3363\/revisions\/3365"}],"wp:featuredmedia":[{"embeddable":true,"href":"https:\/\/www.radiointeractivo.com.mx\/index.php?rest_route=\/wp\/v2\/media\/3364"}],"wp:attachment":[{"href":"https:\/\/www.radiointeractivo.com.mx\/index.php?rest_route=%2Fwp%2Fv2%2Fmedia&parent=3363"}],"wp:term":[{"taxonomy":"category","embeddable":true,"href":"https:\/\/www.radiointeractivo.com.mx\/index.php?rest_route=%2Fwp%2Fv2%2Fcategories&post=3363"},{"taxonomy":"post_tag","embeddable":true,"href":"https:\/\/www.radiointeractivo.com.mx\/index.php?rest_route=%2Fwp%2Fv2%2Ftags&post=3363"}],"curies":[{"name":"wp","href":"https:\/\/api.w.org\/{rel}","templated":true}]}}