{"id":3351,"date":"2023-10-27T15:39:37","date_gmt":"2023-10-27T20:39:37","guid":{"rendered":"https:\/\/www.radiointeractivo.com.mx\/?p=3351"},"modified":"2023-10-27T15:39:38","modified_gmt":"2023-10-27T20:39:38","slug":"promueve-gobierno-de-tamaulipas-cuidado-de-la-fauna-silvestre","status":"publish","type":"post","link":"https:\/\/www.radiointeractivo.com.mx\/?p=3351","title":{"rendered":"Promueve gobierno de Tamaulipas cuidado de la fauna silvestre"},"content":{"rendered":"\n<figure class=\"wp-block-image size-full\"><img loading=\"lazy\" decoding=\"async\" width=\"1000\" height=\"668\" src=\"https:\/\/www.radiointeractivo.com.mx\/wp-content\/uploads\/2023\/10\/WhatsApp-Image-2023-10-27-at-1.30.25-PM.jpeg\" alt=\"\" class=\"wp-image-3352\" srcset=\"https:\/\/www.radiointeractivo.com.mx\/wp-content\/uploads\/2023\/10\/WhatsApp-Image-2023-10-27-at-1.30.25-PM.jpeg 1000w, https:\/\/www.radiointeractivo.com.mx\/wp-content\/uploads\/2023\/10\/WhatsApp-Image-2023-10-27-at-1.30.25-PM-300x200.jpeg 300w, https:\/\/www.radiointeractivo.com.mx\/wp-content\/uploads\/2023\/10\/WhatsApp-Image-2023-10-27-at-1.30.25-PM-768x513.jpeg 768w\" sizes=\"auto, (max-width: 1000px) 100vw, 1000px\" \/><\/figure>\n\n\n\n<ul class=\"wp-block-list\">\n<li>En la Feria Estatal, la Comisi\u00f3n de Caza y Pesca Deportiva ofrece a alumnos de escuelas primarias convivencia con animales para crear conciencia de la importancia, el cuidado y el respeto de la biodiversidad<\/li>\n<\/ul>\n\n\n\n<p>Por: Agencias <\/p>\n\n\n\n<p>Ciudad Victoria, Tamaulipas.- En el marco de la celebraci\u00f3n de la Feria Tamaulipas 2023, la Comisi\u00f3n de Caza y Pesca Deportiva, llev\u00f3 a cabo el programa \u201cLa Fauna Viva&#8221; Espect\u00e1culo Educativo.<\/p>\n\n\n\n<p>Este evento se realiz\u00f3 en colaboraci\u00f3n con Natura Zoo, del 24 al 26 de octubre en el Centro de Espect\u00e1culos y las instalaciones del recinto ferial, donde se cont\u00f3 con la participaci\u00f3n de m\u00e1s de 2 mil 750 alumnos de diversas escuelas primarias de la capital del estado.<\/p>\n\n\n\n<p>El vocal ejecutivo de la dependencia, Luis Eduardo Garc\u00eda Reyes, dijo que esta actividad tiene como objetivo principal crear conciencia sobre la importancia, el cuidado y el respeto hacia la fauna silvestre.<\/p>\n\n\n\n<p>Coment\u00f3 que en la convivencia con los estudiantes, no solo proporcion\u00f3 un entorno de aprendizaje \u00fanico, sino que tambi\u00e9n sirvi\u00f3 como una plataforma para inspirar a las nuevas generaciones a convertirse en defensores activos de la vida silvestre.<\/p>\n\n\n\n<p>Durante los tres d\u00edas del programa educativo, los alumnos tuvieron la oportunidad de disfrutar de demostraciones en vivo con diversos animales al contar con el apoyo de los expertos de Natura Zoo, quienes compartieron informaci\u00f3n valiosa sobre el comportamiento de estas especies, as\u00ed como sobre los desaf\u00edos que enfrentan en la naturaleza.<\/p>\n\n\n\n<p>Garc\u00eda Reyes mencion\u00f3 que, las ni\u00f1as y ni\u00f1os presentes en el evento no solo fueron testigos de la belleza y diversidad de la fauna silvestre, sino que tambi\u00e9n aprendieron sobre la importancia de su conservaci\u00f3n y la necesidad de respetar sus h\u00e1bitats naturales.<\/p>\n\n\n\n<p>Adem\u00e1s, se explic\u00f3 la idea de la caza y pesca deportiva responsable, subrayando la necesidad de mantener un equilibrio entre la interacci\u00f3n humana y la naturaleza.<\/p>\n\n\n\n<p>A\u00f1adi\u00f3 que en seguimiento a las l\u00edneas trazadas por el gobernador Am\u00e9rico Villarreal Anaya, sobre el cuidado y preservaci\u00f3n de la biodiversidad con la que cuenta Tamaulipas, la Comisi\u00f3n de Caza y Pesca Deportiva impulsa este tipo de programas educativos que son una herramienta poderosa para inspirar un cambio positivo en el cuidado de la naturaleza.<\/p>\n","protected":false},"excerpt":{"rendered":"<p>En la Feria Estatal, la Comisi\u00f3n de Caza y Pesca Deportiva ofrece a alumnos de escuelas primarias convivencia con animales para crear conciencia de la importancia, el cuidado y el respeto de la biodiversidad Por: Agencias Ciudad Victoria, Tamaulipas.- En el marco de la celebraci\u00f3n de la Feria Tamaulipas 2023, la Comisi\u00f3n de Caza y &hellip;<\/p>\n","protected":false},"author":1,"featured_media":3352,"comment_status":"open","ping_status":"open","sticky":false,"template":"","format":"standard","meta":{"footnotes":""},"categories":[39],"tags":[],"class_list":["post-3351","post","type-post","status-publish","format-standard","has-post-thumbnail","","category-tamaulipas"],"_links":{"self":[{"href":"https:\/\/www.radiointeractivo.com.mx\/index.php?rest_route=\/wp\/v2\/posts\/3351","targetHints":{"allow":["GET"]}}],"collection":[{"href":"https:\/\/www.radiointeractivo.com.mx\/index.php?rest_route=\/wp\/v2\/posts"}],"about":[{"href":"https:\/\/www.radiointeractivo.com.mx\/index.php?rest_route=\/wp\/v2\/types\/post"}],"author":[{"embeddable":true,"href":"https:\/\/www.radiointeractivo.com.mx\/index.php?rest_route=\/wp\/v2\/users\/1"}],"replies":[{"embeddable":true,"href":"https:\/\/www.radiointeractivo.com.mx\/index.php?rest_route=%2Fwp%2Fv2%2Fcomments&post=3351"}],"version-history":[{"count":1,"href":"https:\/\/www.radiointeractivo.com.mx\/index.php?rest_route=\/wp\/v2\/posts\/3351\/revisions"}],"predecessor-version":[{"id":3353,"href":"https:\/\/www.radiointeractivo.com.mx\/index.php?rest_route=\/wp\/v2\/posts\/3351\/revisions\/3353"}],"wp:featuredmedia":[{"embeddable":true,"href":"https:\/\/www.radiointeractivo.com.mx\/index.php?rest_route=\/wp\/v2\/media\/3352"}],"wp:attachment":[{"href":"https:\/\/www.radiointeractivo.com.mx\/index.php?rest_route=%2Fwp%2Fv2%2Fmedia&parent=3351"}],"wp:term":[{"taxonomy":"category","embeddable":true,"href":"https:\/\/www.radiointeractivo.com.mx\/index.php?rest_route=%2Fwp%2Fv2%2Fcategories&post=3351"},{"taxonomy":"post_tag","embeddable":true,"href":"https:\/\/www.radiointeractivo.com.mx\/index.php?rest_route=%2Fwp%2Fv2%2Ftags&post=3351"}],"curies":[{"name":"wp","href":"https:\/\/api.w.org\/{rel}","templated":true}]}}