{"id":3323,"date":"2023-10-27T12:14:46","date_gmt":"2023-10-27T17:14:46","guid":{"rendered":"https:\/\/www.radiointeractivo.com.mx\/?p=3323"},"modified":"2023-10-27T12:14:57","modified_gmt":"2023-10-27T17:14:57","slug":"avanzan-juntas-de-conciliacion-en-abatimiento-al-rezago-de-expedientes-laborales-en-tamaulipas","status":"publish","type":"post","link":"https:\/\/www.radiointeractivo.com.mx\/?p=3323","title":{"rendered":"Avanzan Juntas de Conciliaci\u00f3n en abatimiento al rezago de expedientes laborales en Tamaulipas"},"content":{"rendered":"\n<figure class=\"wp-block-image size-large\"><img loading=\"lazy\" decoding=\"async\" width=\"1024\" height=\"683\" src=\"https:\/\/www.radiointeractivo.com.mx\/wp-content\/uploads\/2023\/10\/WhatsApp-Image-2023-10-26-at-8.44.22-PM-1024x683.jpeg\" alt=\"\" class=\"wp-image-3324\" srcset=\"https:\/\/www.radiointeractivo.com.mx\/wp-content\/uploads\/2023\/10\/WhatsApp-Image-2023-10-26-at-8.44.22-PM-1024x683.jpeg 1024w, https:\/\/www.radiointeractivo.com.mx\/wp-content\/uploads\/2023\/10\/WhatsApp-Image-2023-10-26-at-8.44.22-PM-300x200.jpeg 300w, https:\/\/www.radiointeractivo.com.mx\/wp-content\/uploads\/2023\/10\/WhatsApp-Image-2023-10-26-at-8.44.22-PM-768x512.jpeg 768w, https:\/\/www.radiointeractivo.com.mx\/wp-content\/uploads\/2023\/10\/WhatsApp-Image-2023-10-26-at-8.44.22-PM-1536x1024.jpeg 1536w, https:\/\/www.radiointeractivo.com.mx\/wp-content\/uploads\/2023\/10\/WhatsApp-Image-2023-10-26-at-8.44.22-PM.jpeg 1599w\" sizes=\"auto, (max-width: 1024px) 100vw, 1024px\" \/><\/figure>\n\n\n\n<p>-El Gobierno de Tamaulipas cumple al avanzar con la reforma laboral: Olga Sosa Ru\u00edz<\/p>\n\n\n\n<p>Por: Agencias<\/p>\n\n\n\n<p>Ciudad Victoria, Tamaulipas. &#8211; En un trabajo coordinado, el Gobierno de Tamaulipas a trav\u00e9s de las Juntas de Conciliaci\u00f3n y Arbitraje, avanza en abatir el rezago de los 26 mil 861 expedientes al disminuir a 15 mil 588 asuntos, para cumplir con el compromiso que hizo el gobernador Am\u00e9rico Villarreal Anaya a las y los tamaulipecos de brindar justicia laboral, en todo el estado.<\/p>\n\n\n\n<p>Durante una visita de trabajo y supervisi\u00f3n a las Juntas de Conciliaci\u00f3n y Arbitraje en Ciudad Victoria, la secretaria del Trabajo Olga Sosa Ru\u00edz, inform\u00f3 en compa\u00f1\u00eda del subsecretario de Empleo y Conciliaci\u00f3n Mario Mireles Salas, que en octubre de 2022 se recibi\u00f3 un rezago de 26 mil 861 expedientes laborales que se acumularon en todas las Juntas Locales y Especiales del estado.<\/p>\n\n\n\n<p>Olga Sosa Ru\u00edz inform\u00f3 que desde el primer d\u00eda de la administraci\u00f3n, se ha dado cumplimiento a las indicaciones del gobernador Am\u00e9rico Villarreal Anaya de trabajar de manera honesta y profesional, para dar respuesta a la necesidad de las y los tamaulipecos que en el pasado reciente quedaron esperando justicia laboral y la soluci\u00f3n de sus expedientes.<\/p>\n\n\n\n<p>La secretaria Sosa Ru\u00edz, hizo un reconocimiento al personal que desde las once Juntas Especiales y dos locales, trabajan para reducir significativamente el rezago.<\/p>\n","protected":false},"excerpt":{"rendered":"<p>-El Gobierno de Tamaulipas cumple al avanzar con la reforma laboral: Olga Sosa Ru\u00edz Por: Agencias Ciudad Victoria, Tamaulipas. &#8211; En un trabajo coordinado, el Gobierno de Tamaulipas a trav\u00e9s de las Juntas de Conciliaci\u00f3n y Arbitraje, avanza en abatir el rezago de los 26 mil 861 expedientes al disminuir a 15 mil 588 asuntos, &hellip;<\/p>\n","protected":false},"author":1,"featured_media":3324,"comment_status":"open","ping_status":"open","sticky":false,"template":"","format":"standard","meta":{"footnotes":""},"categories":[39],"tags":[],"class_list":["post-3323","post","type-post","status-publish","format-standard","has-post-thumbnail","","category-tamaulipas"],"_links":{"self":[{"href":"https:\/\/www.radiointeractivo.com.mx\/index.php?rest_route=\/wp\/v2\/posts\/3323","targetHints":{"allow":["GET"]}}],"collection":[{"href":"https:\/\/www.radiointeractivo.com.mx\/index.php?rest_route=\/wp\/v2\/posts"}],"about":[{"href":"https:\/\/www.radiointeractivo.com.mx\/index.php?rest_route=\/wp\/v2\/types\/post"}],"author":[{"embeddable":true,"href":"https:\/\/www.radiointeractivo.com.mx\/index.php?rest_route=\/wp\/v2\/users\/1"}],"replies":[{"embeddable":true,"href":"https:\/\/www.radiointeractivo.com.mx\/index.php?rest_route=%2Fwp%2Fv2%2Fcomments&post=3323"}],"version-history":[{"count":2,"href":"https:\/\/www.radiointeractivo.com.mx\/index.php?rest_route=\/wp\/v2\/posts\/3323\/revisions"}],"predecessor-version":[{"id":3326,"href":"https:\/\/www.radiointeractivo.com.mx\/index.php?rest_route=\/wp\/v2\/posts\/3323\/revisions\/3326"}],"wp:featuredmedia":[{"embeddable":true,"href":"https:\/\/www.radiointeractivo.com.mx\/index.php?rest_route=\/wp\/v2\/media\/3324"}],"wp:attachment":[{"href":"https:\/\/www.radiointeractivo.com.mx\/index.php?rest_route=%2Fwp%2Fv2%2Fmedia&parent=3323"}],"wp:term":[{"taxonomy":"category","embeddable":true,"href":"https:\/\/www.radiointeractivo.com.mx\/index.php?rest_route=%2Fwp%2Fv2%2Fcategories&post=3323"},{"taxonomy":"post_tag","embeddable":true,"href":"https:\/\/www.radiointeractivo.com.mx\/index.php?rest_route=%2Fwp%2Fv2%2Ftags&post=3323"}],"curies":[{"name":"wp","href":"https:\/\/api.w.org\/{rel}","templated":true}]}}