{"id":3128,"date":"2023-10-25T17:02:48","date_gmt":"2023-10-25T22:02:48","guid":{"rendered":"https:\/\/www.radiointeractivo.com.mx\/?p=3128"},"modified":"2023-10-25T17:02:48","modified_gmt":"2023-10-25T22:02:48","slug":"reune-foro-renueva-tu-mente-a-mas-de-3-mil-jovenes-neolaredenses","status":"publish","type":"post","link":"https:\/\/www.radiointeractivo.com.mx\/?p=3128","title":{"rendered":"RE\u00daNE FORO RENUEVA TU MENTE A M\u00c1S DE 3 MIL J\u00d3VENES NEOLAREDENSES"},"content":{"rendered":"\n<p>Por: Staff | #NuevoLaredo #Tamaulipas<\/p>\n\n\n\n<p>Con un Polyforum La Fe lleno, miles de estudiantes de primaria, secundaria, preparatoria, universidad y j\u00f3venes en general acudieron al Foro: \u201cRenueva Tu Mente\u201d, con las conferencias del reconocido influencer Farid Dieck y el neolaredense Aldo G\u00f3mez mejor conocido como Dr. Mickas quienes hablaron sobre la importancia de la salud mental.<\/p>\n\n\n\n<p>En medio de la algarab\u00eda de los asistentes, la alcaldesa Carmen Lilia Canturosas Villarreal, refrend\u00f3 su compromiso con las juventudes neolaredenses de continuar impulsando su bienestar a trav\u00e9s de pol\u00edticas p\u00fablicas que les permitan su buen desarrollo.<\/p>\n\n\n\n<p>\u201cMe enorgullece decir que estamos construyendo un gobierno que se preocupa y ocupa de las necesidades de los j\u00f3venes de nuestra ciudad, sabemos que la salud es un pilar fundamental para el desarrollo de cada uno\u201d, se\u00f1al\u00f3 Canturosas, presidenta municipal.<\/p>\n\n\n\n<p>Indic\u00f3 que en Nuevo Laredo se vive una nueva era de prosperidad, en la que d\u00eda a d\u00eda se refrenda el liderazgo en la que se trabaja hombro a hombro con la sociedad y gobierno para impulsar iniciativas que potencialicen las ventajas que ofrece la ciudad y sus habitantes al mundo entero.<\/p>\n\n\n\n<p>La presidenta municipal dijo que se han destinado recursos y esfuerzos para brindarle a los j\u00f3venes apoyos en \u00e1reas fundamentales de su vida, adem\u00e1s que se han implementado convenios de colaboraci\u00f3n con instituciones educativas con la que logren alcanzar sus metas acad\u00e9micas y profesionales.<\/p>\n\n\n\n<p>El influencer Farid Dieck reconoci\u00f3 el inter\u00e9s de las autoridades municipales al brindar a los j\u00f3venes de Nuevo Laredo acciones que ayuden a su desarrollo constante.<\/p>\n\n\n\n<p>\u201cEs una buena labor de parte del gobierno que proporcione este tipo de encuentros o de temas que son importantes, adem\u00e1s de hacerlos llegar a la poblaci\u00f3n, es parte de la responsabilidad que tienen las autoridades, que bueno que lo est\u00e9n tomando en cuenta\u201d, dijo Farid Dieck, influencer.<\/p>\n\n\n\n<p>Farid Dieck, influencer y creador de contenido quien cuenta con licenciatura en psicolog\u00eda y una maestr\u00eda en salud mental, as\u00ed como el Doctor Mickas, especialista en el tema con un enfoque en el \u00e1rea social de los individuos, hablaron sobre la importancia del cuidado de la salud mental, de inspiraci\u00f3n y que los j\u00f3venes tengan un proyecto de vida.<\/p>\n\n\n\n<p>Este encuentro fue presenciado por alumnos de las preparatorias municipales: Jos\u00e9 Vasconcelos, Elena Poniatowska, Manuel G\u00f3mez Morin; Facultad de Enfermer\u00eda; Universidad Aut\u00f3noma de Tamaulipas (UAT); Tecnol\u00f3gico de Nuevo Laredo; Universidad Tecnol\u00f3gica (UT); COBAT 01; COBAT 18; CBTIS 234; CBTIS 137; Secundaria 1, Juvenal Boone Flores.<\/p>\n\n\n\n<p>Adem\u00e1s Colegio Am\u00e9rica; Colegio Irlandes; Colegio M\u00e9xico; Primaria Cosme P\u00e9rez; Universidad Pedag\u00f3gica Nacional (UPN); Preparatoria 1, Juvenal Boone Flores; Instituto Human\u00edstico de la Salud; y Tec Milenio. Tambi\u00e9n estuvieron los integrantes del cabildo juvenil.<\/p>\n\n\n\n<p>El Foro \u201cRenueva Tu Mente\u201d fue organizado por el Instituto Municipal para el Desarrollo de la Juventud (IMJUVE) y por el Instituto Municipal para la Prevenci\u00f3n de Adicciones, Conductas y Tendencias Antisociales (IMPACTA) quienes han llevado a cabo foros con distintas tem\u00e1ticas encaminadas a motivar a la juventud.<\/p>\n\n\n\n<p>En este evento estuvieron presentes integrantes del Republicano Ayuntamiento de Nuevo Laredo; S\u00edndicos y Regidores; Servidores P\u00fablicos; Directivos y Representantes de las Instituciones Educativas.<\/p>\n","protected":false},"excerpt":{"rendered":"<p>Por: Staff | #NuevoLaredo #Tamaulipas Con un Polyforum La Fe lleno, miles de estudiantes de primaria, secundaria, preparatoria, universidad y j\u00f3venes en general acudieron al Foro: \u201cRenueva Tu Mente\u201d, con las conferencias del reconocido influencer Farid Dieck y el neolaredense Aldo G\u00f3mez mejor conocido como Dr. Mickas quienes hablaron sobre la importancia de la salud &hellip;<\/p>\n","protected":false},"author":1,"featured_media":3129,"comment_status":"open","ping_status":"open","sticky":false,"template":"","format":"standard","meta":{"footnotes":""},"categories":[38],"tags":[],"class_list":["post-3128","post","type-post","status-publish","format-standard","has-post-thumbnail","","category-nuevo-laredo"],"_links":{"self":[{"href":"https:\/\/www.radiointeractivo.com.mx\/index.php?rest_route=\/wp\/v2\/posts\/3128","targetHints":{"allow":["GET"]}}],"collection":[{"href":"https:\/\/www.radiointeractivo.com.mx\/index.php?rest_route=\/wp\/v2\/posts"}],"about":[{"href":"https:\/\/www.radiointeractivo.com.mx\/index.php?rest_route=\/wp\/v2\/types\/post"}],"author":[{"embeddable":true,"href":"https:\/\/www.radiointeractivo.com.mx\/index.php?rest_route=\/wp\/v2\/users\/1"}],"replies":[{"embeddable":true,"href":"https:\/\/www.radiointeractivo.com.mx\/index.php?rest_route=%2Fwp%2Fv2%2Fcomments&post=3128"}],"version-history":[{"count":1,"href":"https:\/\/www.radiointeractivo.com.mx\/index.php?rest_route=\/wp\/v2\/posts\/3128\/revisions"}],"predecessor-version":[{"id":3130,"href":"https:\/\/www.radiointeractivo.com.mx\/index.php?rest_route=\/wp\/v2\/posts\/3128\/revisions\/3130"}],"wp:featuredmedia":[{"embeddable":true,"href":"https:\/\/www.radiointeractivo.com.mx\/index.php?rest_route=\/wp\/v2\/media\/3129"}],"wp:attachment":[{"href":"https:\/\/www.radiointeractivo.com.mx\/index.php?rest_route=%2Fwp%2Fv2%2Fmedia&parent=3128"}],"wp:term":[{"taxonomy":"category","embeddable":true,"href":"https:\/\/www.radiointeractivo.com.mx\/index.php?rest_route=%2Fwp%2Fv2%2Fcategories&post=3128"},{"taxonomy":"post_tag","embeddable":true,"href":"https:\/\/www.radiointeractivo.com.mx\/index.php?rest_route=%2Fwp%2Fv2%2Ftags&post=3128"}],"curies":[{"name":"wp","href":"https:\/\/api.w.org\/{rel}","templated":true}]}}