{"id":3125,"date":"2023-10-25T16:45:38","date_gmt":"2023-10-25T21:45:38","guid":{"rendered":"https:\/\/www.radiointeractivo.com.mx\/?p=3125"},"modified":"2023-10-25T16:45:39","modified_gmt":"2023-10-25T21:45:39","slug":"aprenden-alumnas-del-cedif-sobre-panaderia-kawaii","status":"publish","type":"post","link":"https:\/\/www.radiointeractivo.com.mx\/?p=3125","title":{"rendered":"APRENDEN ALUMNAS DEL CEDIF SOBRE PANADER\u00cdA KAWAII"},"content":{"rendered":"\n<p>Por: Staff | #NuevoLaredo #Tamaulipas<\/p>\n\n\n\n<p>El Centro para el Desarrollo Integral de la Familia (CEDIF) del Sistema DIF,<\/p>\n\n\n\n<p>en un esfuerzo por fomentar la creatividad y el aprendizaje de las alumnas de taller de reposter\u00eda y cocina recibieron una clase especial de Panader\u00eda Kawaii.<\/p>\n\n\n\n<p>El curso de esta tendencia culinaria que combina la elaboraci\u00f3n de pan y pasteles con elementos adorables y estilos coloridos fue dirigido por la maestra Elizabeth Montoya en el CEDIF 4, en el que las alumnas aprendieron de nuevas habilidades y disfrutaron de la reposter\u00eda de una manera \u00fanica y divertida.<\/p>\n\n\n\n<p>En los CEDIFS el DIF en Nuevo Laredo se dedica a promover el bienestar y el desarrollo integral de las familias a trav\u00e9s de una variedad de cursos y talleres que fomentan el aprendizaje y el autoempleo.<\/p>\n","protected":false},"excerpt":{"rendered":"<p>Por: Staff | #NuevoLaredo #Tamaulipas El Centro para el Desarrollo Integral de la Familia (CEDIF) del Sistema DIF, en un esfuerzo por fomentar la creatividad y el aprendizaje de las alumnas de taller de reposter\u00eda y cocina recibieron una clase especial de Panader\u00eda Kawaii. El curso de esta tendencia culinaria que combina la elaboraci\u00f3n de &hellip;<\/p>\n","protected":false},"author":1,"featured_media":3126,"comment_status":"open","ping_status":"open","sticky":false,"template":"","format":"standard","meta":{"footnotes":""},"categories":[38],"tags":[],"class_list":["post-3125","post","type-post","status-publish","format-standard","has-post-thumbnail","","category-nuevo-laredo"],"_links":{"self":[{"href":"https:\/\/www.radiointeractivo.com.mx\/index.php?rest_route=\/wp\/v2\/posts\/3125","targetHints":{"allow":["GET"]}}],"collection":[{"href":"https:\/\/www.radiointeractivo.com.mx\/index.php?rest_route=\/wp\/v2\/posts"}],"about":[{"href":"https:\/\/www.radiointeractivo.com.mx\/index.php?rest_route=\/wp\/v2\/types\/post"}],"author":[{"embeddable":true,"href":"https:\/\/www.radiointeractivo.com.mx\/index.php?rest_route=\/wp\/v2\/users\/1"}],"replies":[{"embeddable":true,"href":"https:\/\/www.radiointeractivo.com.mx\/index.php?rest_route=%2Fwp%2Fv2%2Fcomments&post=3125"}],"version-history":[{"count":1,"href":"https:\/\/www.radiointeractivo.com.mx\/index.php?rest_route=\/wp\/v2\/posts\/3125\/revisions"}],"predecessor-version":[{"id":3127,"href":"https:\/\/www.radiointeractivo.com.mx\/index.php?rest_route=\/wp\/v2\/posts\/3125\/revisions\/3127"}],"wp:featuredmedia":[{"embeddable":true,"href":"https:\/\/www.radiointeractivo.com.mx\/index.php?rest_route=\/wp\/v2\/media\/3126"}],"wp:attachment":[{"href":"https:\/\/www.radiointeractivo.com.mx\/index.php?rest_route=%2Fwp%2Fv2%2Fmedia&parent=3125"}],"wp:term":[{"taxonomy":"category","embeddable":true,"href":"https:\/\/www.radiointeractivo.com.mx\/index.php?rest_route=%2Fwp%2Fv2%2Fcategories&post=3125"},{"taxonomy":"post_tag","embeddable":true,"href":"https:\/\/www.radiointeractivo.com.mx\/index.php?rest_route=%2Fwp%2Fv2%2Ftags&post=3125"}],"curies":[{"name":"wp","href":"https:\/\/api.w.org\/{rel}","templated":true}]}}