{"id":3116,"date":"2023-10-25T15:42:20","date_gmt":"2023-10-25T20:42:20","guid":{"rendered":"https:\/\/www.radiointeractivo.com.mx\/?p=3116"},"modified":"2023-10-25T15:42:21","modified_gmt":"2023-10-25T20:42:21","slug":"arrancara-comapa-programa-de-mantenimiento-invernal","status":"publish","type":"post","link":"https:\/\/www.radiointeractivo.com.mx\/?p=3116","title":{"rendered":"ARRANCAR\u00c1 COMAPA PROGRAMA DE MANTENIMIENTO INVERNAL"},"content":{"rendered":"\n<p>Por: Staff | #NuevoLaredo #Tamaulipas<\/p>\n\n\n\n<p>A fin de dar mantenimientos preventivos y correctivos a equipos e infraestructura para trabajar en \u00f3ptimas condiciones en temporadas de altos consumos, la Comisi\u00f3n Municipal de Agua Potable y Alcantarillado (COMAPA) de Nuevo Laredo, iniciar\u00e1 el Programa de Mantenimiento Invernal.<\/p>\n\n\n\n<p>La administraci\u00f3n 2021-2024 ha dado continuidad a este programa, mejorando la planeaci\u00f3n, organizaci\u00f3n y ejecuci\u00f3n para brindar un servicio de excelencia a la ciudadan\u00eda.<\/p>\n\n\n\n<p>\u201cGracias al manejo eficiente del pago puntual del usuario, se pueden programar estos mantenimientos preventivos para poder ofrecer a la ciudadan\u00eda un servicio de calidad durante las temporadas de mayor consumo\u201d, expres\u00f3 Silvia Ariadna Fern\u00e1ndez Gallardo Boone, gerente general de COMAPA.<\/p>\n\n\n\n<p>La funcionaria agreg\u00f3 que estos mantenimientos se ofrecen en la temporada invernal con la finalidad de afectar lo menos posible a la ciudadan\u00eda con los cortes de servicio.<\/p>\n\n\n\n<p>El primer paro por el mantenimiento se llevar\u00e1 a cabo en Planta Norte por un periodo de 10 horas este viernes 27 de octubre a partir de las 9:00 de la ma\u00f1ana, donde resultar\u00e1n afectadas las colonias: Reservas Territoriales, Fraccionamiento El Progreso, Cumbres, Naciones Unidas 1 y 2, Los Artistas, Nueva Victoria, Olivos 1 y 2, Arboledas, Guerreros del Sol, Bonito Toboganes, Uni\u00f3n del Recuerdo, Bayito y Nuevo Bayito.<\/p>\n\n\n\n<p>El organismo, aprovechar\u00e1 el paro total para trabajar de manera simult\u00e1nea en la reparaci\u00f3n de una fuga de agua presentada en la Carretera Piedras Negras en Ejido La Cruz en una l\u00ednea de 30 pulgadas de di\u00e1metro, donde se repondr\u00e1n 5 metros de tubo PVC y colocar\u00e1n 2 juntas dresser de 30 pulgadas con dos piezas especiales.<\/p>\n\n\n\n<p>\u201cExhortamos a la ciudadan\u00eda a tomar precauciones, recolectando suficiente agua considerando el lapso en el cual se estar\u00e1n realizando estos trabajos programados. Reiteramos que estas suspensiones son necesarias para brindarles un servicio de calidad\u201d, se\u00f1al\u00f3 la gerente general.<\/p>\n\n\n\n<p>A trav\u00e9s de sus redes sociales oficiales, la COMAPA realiza los avisos constantes sobre sus trabajos programados e imprevistos, as\u00ed como brindar importante informaci\u00f3n de los trabajos diarios.<\/p>\n","protected":false},"excerpt":{"rendered":"<p>Por: Staff | #NuevoLaredo #Tamaulipas A fin de dar mantenimientos preventivos y correctivos a equipos e infraestructura para trabajar en \u00f3ptimas condiciones en temporadas de altos consumos, la Comisi\u00f3n Municipal de Agua Potable y Alcantarillado (COMAPA) de Nuevo Laredo, iniciar\u00e1 el Programa de Mantenimiento Invernal. La administraci\u00f3n 2021-2024 ha dado continuidad a este programa, mejorando &hellip;<\/p>\n","protected":false},"author":1,"featured_media":3117,"comment_status":"open","ping_status":"open","sticky":false,"template":"","format":"standard","meta":{"footnotes":""},"categories":[38],"tags":[],"class_list":["post-3116","post","type-post","status-publish","format-standard","has-post-thumbnail","","category-nuevo-laredo"],"_links":{"self":[{"href":"https:\/\/www.radiointeractivo.com.mx\/index.php?rest_route=\/wp\/v2\/posts\/3116","targetHints":{"allow":["GET"]}}],"collection":[{"href":"https:\/\/www.radiointeractivo.com.mx\/index.php?rest_route=\/wp\/v2\/posts"}],"about":[{"href":"https:\/\/www.radiointeractivo.com.mx\/index.php?rest_route=\/wp\/v2\/types\/post"}],"author":[{"embeddable":true,"href":"https:\/\/www.radiointeractivo.com.mx\/index.php?rest_route=\/wp\/v2\/users\/1"}],"replies":[{"embeddable":true,"href":"https:\/\/www.radiointeractivo.com.mx\/index.php?rest_route=%2Fwp%2Fv2%2Fcomments&post=3116"}],"version-history":[{"count":1,"href":"https:\/\/www.radiointeractivo.com.mx\/index.php?rest_route=\/wp\/v2\/posts\/3116\/revisions"}],"predecessor-version":[{"id":3118,"href":"https:\/\/www.radiointeractivo.com.mx\/index.php?rest_route=\/wp\/v2\/posts\/3116\/revisions\/3118"}],"wp:featuredmedia":[{"embeddable":true,"href":"https:\/\/www.radiointeractivo.com.mx\/index.php?rest_route=\/wp\/v2\/media\/3117"}],"wp:attachment":[{"href":"https:\/\/www.radiointeractivo.com.mx\/index.php?rest_route=%2Fwp%2Fv2%2Fmedia&parent=3116"}],"wp:term":[{"taxonomy":"category","embeddable":true,"href":"https:\/\/www.radiointeractivo.com.mx\/index.php?rest_route=%2Fwp%2Fv2%2Fcategories&post=3116"},{"taxonomy":"post_tag","embeddable":true,"href":"https:\/\/www.radiointeractivo.com.mx\/index.php?rest_route=%2Fwp%2Fv2%2Ftags&post=3116"}],"curies":[{"name":"wp","href":"https:\/\/api.w.org\/{rel}","templated":true}]}}