{"id":3110,"date":"2023-10-25T13:47:00","date_gmt":"2023-10-25T18:47:00","guid":{"rendered":"https:\/\/www.radiointeractivo.com.mx\/?p=3110"},"modified":"2023-10-25T13:47:01","modified_gmt":"2023-10-25T18:47:01","slug":"aprovechan-mas-de-800-habitantes-de-aldama-la-brigada-transformando-familias-del-dif-tamaulipas","status":"publish","type":"post","link":"https:\/\/www.radiointeractivo.com.mx\/?p=3110","title":{"rendered":"Aprovechan m\u00e1s de 800 habitantes de Aldama la brigada \u201cTransformando Familias\u201d del DIF Tamaulipas"},"content":{"rendered":"\n<figure class=\"wp-block-image size-large\"><img loading=\"lazy\" decoding=\"async\" width=\"1024\" height=\"682\" src=\"https:\/\/www.radiointeractivo.com.mx\/wp-content\/uploads\/2023\/10\/WhatsApp-Image-2023-10-24-at-8.55.33-PM-1024x682.jpeg\" alt=\"\" class=\"wp-image-3111\" srcset=\"https:\/\/www.radiointeractivo.com.mx\/wp-content\/uploads\/2023\/10\/WhatsApp-Image-2023-10-24-at-8.55.33-PM-1024x682.jpeg 1024w, https:\/\/www.radiointeractivo.com.mx\/wp-content\/uploads\/2023\/10\/WhatsApp-Image-2023-10-24-at-8.55.33-PM-300x200.jpeg 300w, https:\/\/www.radiointeractivo.com.mx\/wp-content\/uploads\/2023\/10\/WhatsApp-Image-2023-10-24-at-8.55.33-PM-768x512.jpeg 768w, https:\/\/www.radiointeractivo.com.mx\/wp-content\/uploads\/2023\/10\/WhatsApp-Image-2023-10-24-at-8.55.33-PM-1536x1023.jpeg 1536w, https:\/\/www.radiointeractivo.com.mx\/wp-content\/uploads\/2023\/10\/WhatsApp-Image-2023-10-24-at-8.55.33-PM-310x205.jpeg 310w, https:\/\/www.radiointeractivo.com.mx\/wp-content\/uploads\/2023\/10\/WhatsApp-Image-2023-10-24-at-8.55.33-PM.jpeg 1600w\" sizes=\"auto, (max-width: 1024px) 100vw, 1024px\" \/><\/figure>\n\n\n\n<p>-Aparatos auditivos, despensas, sillas de ruedas y tinacos, entre otros beneficios, fueron llevados hasta ese municipio con la presencia de ocho comunidades ejidales<\/p>\n\n\n\n<p>Por: Agencias<\/p>\n\n\n\n<p>Aldama, Tamaulipas. En el ejido Nuevo Progreso de este municipio, se dieron cita los representantes de las diferentes dependencias del gobierno estatal y federal, coordinados por el Sistema DIF Tamaulipas que preside la doctora Mar\u00eda Santiago de Villarreal, para ofrecer los servicios de la brigada asistencial \u201cTransformando Familias\u201d<\/p>\n\n\n\n<p>Las \u00e1reas de salud, educaci\u00f3n, desarrollo rural, desarrollo urbano y medio ambiente, as\u00ed como de seguridad p\u00fablica, y los servicios del DIF Estatal fueron las m\u00e1s solicitadas por m\u00e1s de 800 pobladores de este ejido y siete comunidades vecinas m\u00e1s que se trasladaron para acceder a todos estos beneficios.<\/p>\n\n\n\n<p>La presidenta del DIF Estatal, aprovech\u00f3 la ocasi\u00f3n para refrendar el compromiso con las familias de toda esa zona, al mismo tiempo que entregaba personalmente las despensas a los asistentes, garantiz\u00e1ndoles que en todo momento ser\u00e1n bien atendidos por todas las dependencias gubernamentales, siguiendo las directrices de paz, armon\u00eda y humanismo, tal y como siempre lo ha establecido el gobernador Am\u00e9rico Villarreal Anaya.<\/p>\n","protected":false},"excerpt":{"rendered":"<p>-Aparatos auditivos, despensas, sillas de ruedas y tinacos, entre otros beneficios, fueron llevados hasta ese municipio con la presencia de ocho comunidades ejidales Por: Agencias Aldama, Tamaulipas. En el ejido Nuevo Progreso de este municipio, se dieron cita los representantes de las diferentes dependencias del gobierno estatal y federal, coordinados por el Sistema DIF Tamaulipas &hellip;<\/p>\n","protected":false},"author":1,"featured_media":3111,"comment_status":"open","ping_status":"open","sticky":false,"template":"","format":"standard","meta":{"footnotes":""},"categories":[39],"tags":[],"class_list":["post-3110","post","type-post","status-publish","format-standard","has-post-thumbnail","","category-tamaulipas"],"_links":{"self":[{"href":"https:\/\/www.radiointeractivo.com.mx\/index.php?rest_route=\/wp\/v2\/posts\/3110","targetHints":{"allow":["GET"]}}],"collection":[{"href":"https:\/\/www.radiointeractivo.com.mx\/index.php?rest_route=\/wp\/v2\/posts"}],"about":[{"href":"https:\/\/www.radiointeractivo.com.mx\/index.php?rest_route=\/wp\/v2\/types\/post"}],"author":[{"embeddable":true,"href":"https:\/\/www.radiointeractivo.com.mx\/index.php?rest_route=\/wp\/v2\/users\/1"}],"replies":[{"embeddable":true,"href":"https:\/\/www.radiointeractivo.com.mx\/index.php?rest_route=%2Fwp%2Fv2%2Fcomments&post=3110"}],"version-history":[{"count":1,"href":"https:\/\/www.radiointeractivo.com.mx\/index.php?rest_route=\/wp\/v2\/posts\/3110\/revisions"}],"predecessor-version":[{"id":3112,"href":"https:\/\/www.radiointeractivo.com.mx\/index.php?rest_route=\/wp\/v2\/posts\/3110\/revisions\/3112"}],"wp:featuredmedia":[{"embeddable":true,"href":"https:\/\/www.radiointeractivo.com.mx\/index.php?rest_route=\/wp\/v2\/media\/3111"}],"wp:attachment":[{"href":"https:\/\/www.radiointeractivo.com.mx\/index.php?rest_route=%2Fwp%2Fv2%2Fmedia&parent=3110"}],"wp:term":[{"taxonomy":"category","embeddable":true,"href":"https:\/\/www.radiointeractivo.com.mx\/index.php?rest_route=%2Fwp%2Fv2%2Fcategories&post=3110"},{"taxonomy":"post_tag","embeddable":true,"href":"https:\/\/www.radiointeractivo.com.mx\/index.php?rest_route=%2Fwp%2Fv2%2Ftags&post=3110"}],"curies":[{"name":"wp","href":"https:\/\/api.w.org\/{rel}","templated":true}]}}