{"id":2998,"date":"2023-10-22T17:21:36","date_gmt":"2023-10-22T22:21:36","guid":{"rendered":"https:\/\/www.radiointeractivo.com.mx\/?p=2998"},"modified":"2023-10-22T17:21:38","modified_gmt":"2023-10-22T22:21:38","slug":"suma-gobierno-municipal-mas-de-seis-mil-alumnos-para-fomentar-el-cuidado-del-medio-ambiente","status":"publish","type":"post","link":"https:\/\/www.radiointeractivo.com.mx\/?p=2998","title":{"rendered":"SUMA GOBIERNO MUNICIPAL M\u00c1S DE SEIS MIL ALUMNOS PARA FOMENTAR EL CUIDADO DEL MEDIO AMBIENTE"},"content":{"rendered":"\n<p>Por: Staff | #NuevoLaredo #Tamaulipas<\/p>\n\n\n\n<p>Mediante el programa \u201cGuardianes de la Limpieza\u201d, el Gobierno Municipal a trav\u00e9s de la Secretar\u00eda de Servicios P\u00fablicos Primarios, ya suma a seis mil 465 estudiantes que contribuyen al cuidado del medio ambiente.<\/p>\n\n\n\n<p>En esta edici\u00f3n 22 del programa, el personal de SSPP visit\u00f3 la primaria \u201cSolidaridad\u201d, donde se entreg\u00f3 un kit oficial del Guardi\u00e1n de la Limpieza a los alumnos de esa instituci\u00f3n.<\/p>\n\n\n\n<p>El secretario de SSPP, Horacio Seoane Yeme, indic\u00f3 que por medio de una serie de herramientas, los ni\u00f1os podr\u00e1n amonestar a sus padres cada vez que sean sorprendidos al tirar basura en lugares inadecuados y la fianza es una visita al zool\u00f3gico o acuario.<\/p>\n\n\n\n<p>\u201cBuscamos crear conciencia con estas iniciativas, queremos que los menores sean los que ponen el ejemplo y desde peque\u00f1os sepan sobre el cuidado del medio ambiente, tambi\u00e9n que por medio de su palabra corrija a los adultos de su familia\u201d, manifest\u00f3.<\/p>\n\n\n\n<p>Recalc\u00f3 que esta modalidad de trabajo no solo concientiza sobre mantener un Nuevo Laredo limpio, tambi\u00e9n refuerza el v\u00ednculo familiar por las salidas en familia que se pueden generar.<\/p>\n\n\n\n<p>En el evento estuvieron integrantes del Cabildo, autoridades municipales, docentes y padres de familia de dicha escuela.<\/p>\n","protected":false},"excerpt":{"rendered":"<p>Por: Staff | #NuevoLaredo #Tamaulipas Mediante el programa \u201cGuardianes de la Limpieza\u201d, el Gobierno Municipal a trav\u00e9s de la Secretar\u00eda de Servicios P\u00fablicos Primarios, ya suma a seis mil 465 estudiantes que contribuyen al cuidado del medio ambiente. En esta edici\u00f3n 22 del programa, el personal de SSPP visit\u00f3 la primaria \u201cSolidaridad\u201d, donde se entreg\u00f3 &hellip;<\/p>\n","protected":false},"author":1,"featured_media":2999,"comment_status":"open","ping_status":"open","sticky":false,"template":"","format":"standard","meta":{"footnotes":""},"categories":[38],"tags":[],"class_list":["post-2998","post","type-post","status-publish","format-standard","has-post-thumbnail","","category-nuevo-laredo"],"_links":{"self":[{"href":"https:\/\/www.radiointeractivo.com.mx\/index.php?rest_route=\/wp\/v2\/posts\/2998","targetHints":{"allow":["GET"]}}],"collection":[{"href":"https:\/\/www.radiointeractivo.com.mx\/index.php?rest_route=\/wp\/v2\/posts"}],"about":[{"href":"https:\/\/www.radiointeractivo.com.mx\/index.php?rest_route=\/wp\/v2\/types\/post"}],"author":[{"embeddable":true,"href":"https:\/\/www.radiointeractivo.com.mx\/index.php?rest_route=\/wp\/v2\/users\/1"}],"replies":[{"embeddable":true,"href":"https:\/\/www.radiointeractivo.com.mx\/index.php?rest_route=%2Fwp%2Fv2%2Fcomments&post=2998"}],"version-history":[{"count":1,"href":"https:\/\/www.radiointeractivo.com.mx\/index.php?rest_route=\/wp\/v2\/posts\/2998\/revisions"}],"predecessor-version":[{"id":3000,"href":"https:\/\/www.radiointeractivo.com.mx\/index.php?rest_route=\/wp\/v2\/posts\/2998\/revisions\/3000"}],"wp:featuredmedia":[{"embeddable":true,"href":"https:\/\/www.radiointeractivo.com.mx\/index.php?rest_route=\/wp\/v2\/media\/2999"}],"wp:attachment":[{"href":"https:\/\/www.radiointeractivo.com.mx\/index.php?rest_route=%2Fwp%2Fv2%2Fmedia&parent=2998"}],"wp:term":[{"taxonomy":"category","embeddable":true,"href":"https:\/\/www.radiointeractivo.com.mx\/index.php?rest_route=%2Fwp%2Fv2%2Fcategories&post=2998"},{"taxonomy":"post_tag","embeddable":true,"href":"https:\/\/www.radiointeractivo.com.mx\/index.php?rest_route=%2Fwp%2Fv2%2Ftags&post=2998"}],"curies":[{"name":"wp","href":"https:\/\/api.w.org\/{rel}","templated":true}]}}