{"id":2989,"date":"2023-10-22T11:35:39","date_gmt":"2023-10-22T16:35:39","guid":{"rendered":"https:\/\/www.radiointeractivo.com.mx\/?p=2989"},"modified":"2023-10-22T11:35:40","modified_gmt":"2023-10-22T16:35:40","slug":"invita-gobierno-municipal-a-participar-en-semana-deportiva-estudiantil-2023","status":"publish","type":"post","link":"https:\/\/www.radiointeractivo.com.mx\/?p=2989","title":{"rendered":"INVITA GOBIERNO MUNICIPAL A PARTICIPAR EN SEMANA DEPORTIVA ESTUDIANTIL 2023"},"content":{"rendered":"\n<p>Por: Staff | #NuevoLaredo #Tamaulipas<\/p>\n\n\n\n<p>Con la finalidad de promover las actividades sanas, el Gobierno Municipal a trav\u00e9s de la Direcci\u00f3n de Cultura F\u00edsica y Deporte, invita a las escuelas desde jard\u00edn de ni\u00f1os hasta universidad para participar en la Semana Deportiva Estudiantil 2023.<\/p>\n\n\n\n<p>Las inscripciones estar\u00e1n abiertas hasta el viernes 27 de octubre a las 3:00 PM y las categor\u00edas son: 2018, 2012, 2009, 2006, 1999 y menores.<\/p>\n\n\n\n<p>Como requisitos se deber\u00e1 llenar una c\u00e9dula de inscripci\u00f3n, una carta responsiva individual o grupal con copia del INE del entrenador o responsable y un comprobante de estudios de cada participante.<\/p>\n\n\n\n<p>El director municipal de Cultura F\u00edsica y Deporte, Salom\u00f3n Valencia Hinojosa, inform\u00f3 que las disciplinas de esta Semana Deportiva ser\u00e1n: atletismo, ajedrez, basquetbol, beisbol, frontenis, voleibol sala, y f\u00fatbol para primaria y secundaria, tambi\u00e9n f\u00fatbol 11 para preparatoria y universidad.<\/p>\n\n\n\n<p>\u201cEst\u00e1n todos invitados a esta fiesta deportiva, esto es un par\u00e1metro porque tambi\u00e9n funciona como visor\u00eda para canalizar a nuestros atletas de todos los niveles que podr\u00edan participar en los pr\u00f3ximo juegos de CONADE\u201d, destac\u00f3.<\/p>\n\n\n\n<p>El funcionario tambi\u00e9n dio a conocer que se tendr\u00e1 una junta previa con los participantes el 30 de octubre a las 5:00 PM y que la inauguraci\u00f3n de la Semana Deportiva Estudiantil 2023 ser\u00e1 el lunes 6 de noviembre a las 10:00 AM, ambas actividades en la Unidad Deportiva \u201cBenito Ju\u00e1rez\u201d.<\/p>\n\n\n\n<p>El evento se desarrollar\u00e1 en diferentes espacios deportivos de la ciudad hasta el 10 de noviembre.<\/p>\n\n\n\n<p>Para m\u00e1s informaci\u00f3n, los interesados pueden acudir a las oficinas ubicadas dentro de la Unidad Deportiva \u201cBenito Ju\u00e1rez\u201d con un horario de 8:00 AM a 3:30 PM de lunes a viernes o comunic\u00e1ndose al (867) 719-4782.<\/p>\n","protected":false},"excerpt":{"rendered":"<p>Por: Staff | #NuevoLaredo #Tamaulipas Con la finalidad de promover las actividades sanas, el Gobierno Municipal a trav\u00e9s de la Direcci\u00f3n de Cultura F\u00edsica y Deporte, invita a las escuelas desde jard\u00edn de ni\u00f1os hasta universidad para participar en la Semana Deportiva Estudiantil 2023. Las inscripciones estar\u00e1n abiertas hasta el viernes 27 de octubre a &hellip;<\/p>\n","protected":false},"author":1,"featured_media":2990,"comment_status":"open","ping_status":"open","sticky":false,"template":"","format":"standard","meta":{"footnotes":""},"categories":[38],"tags":[],"class_list":["post-2989","post","type-post","status-publish","format-standard","has-post-thumbnail","","category-nuevo-laredo"],"_links":{"self":[{"href":"https:\/\/www.radiointeractivo.com.mx\/index.php?rest_route=\/wp\/v2\/posts\/2989","targetHints":{"allow":["GET"]}}],"collection":[{"href":"https:\/\/www.radiointeractivo.com.mx\/index.php?rest_route=\/wp\/v2\/posts"}],"about":[{"href":"https:\/\/www.radiointeractivo.com.mx\/index.php?rest_route=\/wp\/v2\/types\/post"}],"author":[{"embeddable":true,"href":"https:\/\/www.radiointeractivo.com.mx\/index.php?rest_route=\/wp\/v2\/users\/1"}],"replies":[{"embeddable":true,"href":"https:\/\/www.radiointeractivo.com.mx\/index.php?rest_route=%2Fwp%2Fv2%2Fcomments&post=2989"}],"version-history":[{"count":1,"href":"https:\/\/www.radiointeractivo.com.mx\/index.php?rest_route=\/wp\/v2\/posts\/2989\/revisions"}],"predecessor-version":[{"id":2991,"href":"https:\/\/www.radiointeractivo.com.mx\/index.php?rest_route=\/wp\/v2\/posts\/2989\/revisions\/2991"}],"wp:featuredmedia":[{"embeddable":true,"href":"https:\/\/www.radiointeractivo.com.mx\/index.php?rest_route=\/wp\/v2\/media\/2990"}],"wp:attachment":[{"href":"https:\/\/www.radiointeractivo.com.mx\/index.php?rest_route=%2Fwp%2Fv2%2Fmedia&parent=2989"}],"wp:term":[{"taxonomy":"category","embeddable":true,"href":"https:\/\/www.radiointeractivo.com.mx\/index.php?rest_route=%2Fwp%2Fv2%2Fcategories&post=2989"},{"taxonomy":"post_tag","embeddable":true,"href":"https:\/\/www.radiointeractivo.com.mx\/index.php?rest_route=%2Fwp%2Fv2%2Ftags&post=2989"}],"curies":[{"name":"wp","href":"https:\/\/api.w.org\/{rel}","templated":true}]}}