{"id":2958,"date":"2023-10-21T12:49:56","date_gmt":"2023-10-21T17:49:56","guid":{"rendered":"https:\/\/www.radiointeractivo.com.mx\/?p=2958"},"modified":"2023-10-26T19:18:05","modified_gmt":"2023-10-27T00:18:05","slug":"nataly-garcia-diaz-presente-en-la-inauguracion-de-la-feria-tamaulipas-2023","status":"publish","type":"post","link":"https:\/\/www.radiointeractivo.com.mx\/?p=2958","title":{"rendered":"NATALY GARC\u00cdA DIAZ PRESENTE EN LA INAUGURACION DE LA FERIA TAMAULIPAS 2023."},"content":{"rendered":"\n<figure class=\"wp-block-image size-large\"><img loading=\"lazy\" decoding=\"async\" width=\"1024\" height=\"682\" src=\"https:\/\/www.radiointeractivo.com.mx\/wp-content\/uploads\/2023\/10\/WhatsApp-Image-2023-10-20-at-12.21.20-PM-1024x682.jpeg\" alt=\"\" class=\"wp-image-2959\" srcset=\"https:\/\/www.radiointeractivo.com.mx\/wp-content\/uploads\/2023\/10\/WhatsApp-Image-2023-10-20-at-12.21.20-PM-1024x682.jpeg 1024w, https:\/\/www.radiointeractivo.com.mx\/wp-content\/uploads\/2023\/10\/WhatsApp-Image-2023-10-20-at-12.21.20-PM-300x200.jpeg 300w, https:\/\/www.radiointeractivo.com.mx\/wp-content\/uploads\/2023\/10\/WhatsApp-Image-2023-10-20-at-12.21.20-PM-768x512.jpeg 768w, https:\/\/www.radiointeractivo.com.mx\/wp-content\/uploads\/2023\/10\/WhatsApp-Image-2023-10-20-at-12.21.20-PM-1536x1023.jpeg 1536w, https:\/\/www.radiointeractivo.com.mx\/wp-content\/uploads\/2023\/10\/WhatsApp-Image-2023-10-20-at-12.21.20-PM-310x205.jpeg 310w, https:\/\/www.radiointeractivo.com.mx\/wp-content\/uploads\/2023\/10\/WhatsApp-Image-2023-10-20-at-12.21.20-PM.jpeg 1600w\" sizes=\"auto, (max-width: 1024px) 100vw, 1024px\" \/><\/figure>\n\n\n\n<p>Por: Staff<\/p>\n\n\n\n<p>Cd. Victoria, Tam.- La Alcaldesa Nataly Garc\u00eda D\u00edaz acompa\u00f1\u00f3 al Gobernador Am\u00e9rico Villarreal Anaya y la Presidenta del DIF Tamaulipas Dra. Mar\u00eda de Villarreal en la inauguraci\u00f3n de la edici\u00f3n 2023 de la Feria Tamaulipas en esta capital.<\/p>\n\n\n\n<p>La Alcaldesa hizo la invitaci\u00f3n a residentes locales y visitantes para que conozcan el Stand de D\u00edaz Ordaz instalado en el recinto ferial, donde podr\u00e1n conocer las bondades del municipio m\u00e1s joven de Tamaulipas, su geograf\u00eda, su historia, artesan\u00edas, sitios de inter\u00e9s y gastronom\u00eda del municipio ubicado en la frontera norte del estado.<\/p>\n\n\n\n<p>La primera mujer en gobernar el municipio m\u00e1s joven de Tamaulipas, reiter\u00f3 la importancia de la realizaci\u00f3n de este tipo de actividades que refuerzan la identidad de los Tamaulipecos, y les motivan a presentar lo mejor de sus municipios, trabajando en unidad para llevarlos a avanzar en la transformaci\u00f3n de cada uno de ellos.<\/p>\n","protected":false},"excerpt":{"rendered":"<p>Por: Staff Cd. Victoria, Tam.- La Alcaldesa Nataly Garc\u00eda D\u00edaz acompa\u00f1\u00f3 al Gobernador Am\u00e9rico Villarreal Anaya y la Presidenta del DIF Tamaulipas Dra. Mar\u00eda de Villarreal en la inauguraci\u00f3n de la edici\u00f3n 2023 de la Feria Tamaulipas en esta capital. La Alcaldesa hizo la invitaci\u00f3n a residentes locales y visitantes para que conozcan el Stand &hellip;<\/p>\n","protected":false},"author":1,"featured_media":2959,"comment_status":"open","ping_status":"open","sticky":false,"template":"","format":"standard","meta":{"footnotes":""},"categories":[39],"tags":[],"class_list":["post-2958","post","type-post","status-publish","format-standard","has-post-thumbnail","","category-tamaulipas"],"_links":{"self":[{"href":"https:\/\/www.radiointeractivo.com.mx\/index.php?rest_route=\/wp\/v2\/posts\/2958","targetHints":{"allow":["GET"]}}],"collection":[{"href":"https:\/\/www.radiointeractivo.com.mx\/index.php?rest_route=\/wp\/v2\/posts"}],"about":[{"href":"https:\/\/www.radiointeractivo.com.mx\/index.php?rest_route=\/wp\/v2\/types\/post"}],"author":[{"embeddable":true,"href":"https:\/\/www.radiointeractivo.com.mx\/index.php?rest_route=\/wp\/v2\/users\/1"}],"replies":[{"embeddable":true,"href":"https:\/\/www.radiointeractivo.com.mx\/index.php?rest_route=%2Fwp%2Fv2%2Fcomments&post=2958"}],"version-history":[{"count":2,"href":"https:\/\/www.radiointeractivo.com.mx\/index.php?rest_route=\/wp\/v2\/posts\/2958\/revisions"}],"predecessor-version":[{"id":3193,"href":"https:\/\/www.radiointeractivo.com.mx\/index.php?rest_route=\/wp\/v2\/posts\/2958\/revisions\/3193"}],"wp:featuredmedia":[{"embeddable":true,"href":"https:\/\/www.radiointeractivo.com.mx\/index.php?rest_route=\/wp\/v2\/media\/2959"}],"wp:attachment":[{"href":"https:\/\/www.radiointeractivo.com.mx\/index.php?rest_route=%2Fwp%2Fv2%2Fmedia&parent=2958"}],"wp:term":[{"taxonomy":"category","embeddable":true,"href":"https:\/\/www.radiointeractivo.com.mx\/index.php?rest_route=%2Fwp%2Fv2%2Fcategories&post=2958"},{"taxonomy":"post_tag","embeddable":true,"href":"https:\/\/www.radiointeractivo.com.mx\/index.php?rest_route=%2Fwp%2Fv2%2Ftags&post=2958"}],"curies":[{"name":"wp","href":"https:\/\/api.w.org\/{rel}","templated":true}]}}