{"id":2955,"date":"2023-10-21T12:46:27","date_gmt":"2023-10-21T17:46:27","guid":{"rendered":"https:\/\/www.radiointeractivo.com.mx\/?p=2955"},"modified":"2023-10-26T19:18:39","modified_gmt":"2023-10-27T00:18:39","slug":"representa-nataly-garcia-diaz-a-las-mujeres-tamaulipecas-en-70-anos-de-aniversario-del-voto-de-la-mujer","status":"publish","type":"post","link":"https:\/\/www.radiointeractivo.com.mx\/?p=2955","title":{"rendered":"REPRESENTA NATALY GARCIA DIAZ A LAS MUJERES TAMAULIPECAS EN 70 A\u00d1OS DE ANIVERSARIO DEL VOTO DE LA MUJER."},"content":{"rendered":"\n<figure class=\"wp-block-image size-large\"><img loading=\"lazy\" decoding=\"async\" width=\"1024\" height=\"682\" src=\"https:\/\/www.radiointeractivo.com.mx\/wp-content\/uploads\/2023\/10\/WhatsApp-Image-2023-10-20-at-12.03.34-PM-1024x682.jpeg\" alt=\"\" class=\"wp-image-2956\" srcset=\"https:\/\/www.radiointeractivo.com.mx\/wp-content\/uploads\/2023\/10\/WhatsApp-Image-2023-10-20-at-12.03.34-PM-1024x682.jpeg 1024w, https:\/\/www.radiointeractivo.com.mx\/wp-content\/uploads\/2023\/10\/WhatsApp-Image-2023-10-20-at-12.03.34-PM-300x200.jpeg 300w, https:\/\/www.radiointeractivo.com.mx\/wp-content\/uploads\/2023\/10\/WhatsApp-Image-2023-10-20-at-12.03.34-PM-768x512.jpeg 768w, https:\/\/www.radiointeractivo.com.mx\/wp-content\/uploads\/2023\/10\/WhatsApp-Image-2023-10-20-at-12.03.34-PM-1536x1023.jpeg 1536w, https:\/\/www.radiointeractivo.com.mx\/wp-content\/uploads\/2023\/10\/WhatsApp-Image-2023-10-20-at-12.03.34-PM-310x205.jpeg 310w, https:\/\/www.radiointeractivo.com.mx\/wp-content\/uploads\/2023\/10\/WhatsApp-Image-2023-10-20-at-12.03.34-PM.jpeg 1600w\" sizes=\"auto, (max-width: 1024px) 100vw, 1024px\" \/><\/figure>\n\n\n\n<p>Por: Staff <\/p>\n\n\n\n<p>CDMX.- La Alcaldesa Nataly Garc\u00eda D\u00edaz atendi\u00f3 la invitaci\u00f3n de las titulares del Instituto Nacional de las Mujeres e Instituto Estatal de las Mujeres, para representar a Tamaulipas en la celebraci\u00f3n del 70 aniversario del voto de las mujeres que se llev\u00f3 a cabo en la Ciudad de M\u00e9xico.<br>La Alcaldesa destac\u00f3 que en esta conmemoraci\u00f3n de un a\u00f1o m\u00e1s de lucha por el sufragio femenino, donde a\u00fan la brecha de desigualdad es muy amplia, las mujeres luchan d\u00eda a d\u00eda por reducirla para esta y las futuras generaciones.<br>Remarc\u00f3 que se ha sentado un precedente en D\u00edaz Ordaz al ser la primer mujer en gobernar el municipio m\u00e1s joven de Tamaulipas, donde son cada vez m\u00e1s las mujeres que participan en la vida p\u00fablica, lo cual llena de orgullo porque de ahora en adelante esos espacios que hist\u00f3ricamente no fueron, se seguira luchando incansablemente por ellos.<br>En este aniversario n\u00famero 70 del voto de la mujer, la Alcaldesa tuvo las oportunidad de saludar a grandes amigas diputadas, diputados y presidentas municipales de todo el pa\u00eds en la C\u00e1mara de Diputados del H. Congreso de la Uni\u00f3n en la Ciudad de M\u00e9xico.<\/p>\n","protected":false},"excerpt":{"rendered":"<p>Por: Staff CDMX.- La Alcaldesa Nataly Garc\u00eda D\u00edaz atendi\u00f3 la invitaci\u00f3n de las titulares del Instituto Nacional de las Mujeres e Instituto Estatal de las Mujeres, para representar a Tamaulipas en la celebraci\u00f3n del 70 aniversario del voto de las mujeres que se llev\u00f3 a cabo en la Ciudad de M\u00e9xico.La Alcaldesa destac\u00f3 que en &hellip;<\/p>\n","protected":false},"author":1,"featured_media":2956,"comment_status":"open","ping_status":"open","sticky":false,"template":"","format":"standard","meta":{"footnotes":""},"categories":[39],"tags":[],"class_list":["post-2955","post","type-post","status-publish","format-standard","has-post-thumbnail","","category-tamaulipas"],"_links":{"self":[{"href":"https:\/\/www.radiointeractivo.com.mx\/index.php?rest_route=\/wp\/v2\/posts\/2955","targetHints":{"allow":["GET"]}}],"collection":[{"href":"https:\/\/www.radiointeractivo.com.mx\/index.php?rest_route=\/wp\/v2\/posts"}],"about":[{"href":"https:\/\/www.radiointeractivo.com.mx\/index.php?rest_route=\/wp\/v2\/types\/post"}],"author":[{"embeddable":true,"href":"https:\/\/www.radiointeractivo.com.mx\/index.php?rest_route=\/wp\/v2\/users\/1"}],"replies":[{"embeddable":true,"href":"https:\/\/www.radiointeractivo.com.mx\/index.php?rest_route=%2Fwp%2Fv2%2Fcomments&post=2955"}],"version-history":[{"count":2,"href":"https:\/\/www.radiointeractivo.com.mx\/index.php?rest_route=\/wp\/v2\/posts\/2955\/revisions"}],"predecessor-version":[{"id":3194,"href":"https:\/\/www.radiointeractivo.com.mx\/index.php?rest_route=\/wp\/v2\/posts\/2955\/revisions\/3194"}],"wp:featuredmedia":[{"embeddable":true,"href":"https:\/\/www.radiointeractivo.com.mx\/index.php?rest_route=\/wp\/v2\/media\/2956"}],"wp:attachment":[{"href":"https:\/\/www.radiointeractivo.com.mx\/index.php?rest_route=%2Fwp%2Fv2%2Fmedia&parent=2955"}],"wp:term":[{"taxonomy":"category","embeddable":true,"href":"https:\/\/www.radiointeractivo.com.mx\/index.php?rest_route=%2Fwp%2Fv2%2Fcategories&post=2955"},{"taxonomy":"post_tag","embeddable":true,"href":"https:\/\/www.radiointeractivo.com.mx\/index.php?rest_route=%2Fwp%2Fv2%2Ftags&post=2955"}],"curies":[{"name":"wp","href":"https:\/\/api.w.org\/{rel}","templated":true}]}}